{"id":4608,"date":"2025-10-02T21:05:50","date_gmt":"2025-10-03T00:05:50","guid":{"rendered":"https:\/\/elfaroonline.com.ar\/?p=4608"},"modified":"2025-10-02T21:05:50","modified_gmt":"2025-10-03T00:05:50","slug":"guillermo-andrada-no-existe-un-pais-libre-con-una-educacion-cercenada","status":"publish","type":"post","link":"https:\/\/elfaroonline.com.ar\/index.php\/2025\/10\/02\/guillermo-andrada-no-existe-un-pais-libre-con-una-educacion-cercenada\/","title":{"rendered":"Guillermo Andrada: &#8220;no existe un pa\u00eds libre con una educaci\u00f3n cercenada&#8221;"},"content":{"rendered":"<p class=\"v1MsoNormal\"><i><span lang=\"ES-AR\"><span style=\"font-family: arial, sans-serif;\">El senador nacional fundament\u00f3 su rechazo al veto del Poder Ejecutivo Nacional a la Ley de Financiamiento Universitario.<\/span><\/span><\/i><\/p>\n<p class=\"v1MsoNormal\"><span lang=\"ES-AR\"><span style=\"font-family: arial, sans-serif;\">\u00a0<\/span><\/span><\/p>\n<p class=\"v1MsoNormal\"><span style=\"font-family: arial, sans-serif;\"><span lang=\"ES-AR\">En la sesi\u00f3n ordinaria de este jueves, la C\u00e1mara de Senadores de la Naci\u00f3n se encamina a rechazar los vetos del Poder Ejecutivo Nacional a las Leyes <\/span><span lang=\"ES-AR\">27.796, que declara la emergencia sanitaria de la salud pedi\u00e1trica y de las residencias nacionales en salud, y 27.795, de financiamiento de la educaci\u00f3n universitaria y recomposici\u00f3n del salario docente.<\/span><\/span><\/p>\n<p class=\"v1MsoNormal\"><span lang=\"ES-AR\"><span style=\"font-family: arial, sans-serif;\">En la ocasi\u00f3n, el senador nacional Guillermo Andrada adelant\u00f3 su acompa\u00f1amiento a ambas iniciativas, y fundament\u00f3 en particular su rechazo al veto presidencial a la norma de financiamiento del sistema universitario nacional.<\/span><\/span><\/p>\n<p class=\"v1MsoNormal\"><span style=\"font-family: arial, sans-serif;\"><span lang=\"ES-AR\">El legislador afirm\u00f3 <\/span><span lang=\"ES-AR\">que dos millones y medio de estudiantes y trescientos mil docentes &#8220;no son una asociaci\u00f3n il\u00edcita. Son ciudadanos argentinos que quieren estudiar, trabajar, aprender, desarrollarse, para su persona y para el bien del pa\u00eds&#8221;.<\/span><\/span><\/p>\n<p class=\"v1MsoNormal\"><span style=\"font-family: arial, sans-serif;\"><span lang=\"ES-AR\">Asimismo, expres\u00f3 que <\/span><span lang=\"ES-AR\">carecer de una Ley de Presupuesto no son buenas noticias para las universidades ni para las provincias, y denunci\u00f3 que &#8220;la desactualizaci\u00f3n de los salarios de los profesores universitarios, que los est\u00e1n llevando por debajo de la l\u00ednea de pobreza y llevar\u00e1 a que muchos migren hacia otros pa\u00edses, va a dejar hu\u00e9rfanos en la formaci\u00f3n a nuestros hijos y nietos&#8221;. <\/span><\/span><\/p>\n<p class=\"v1MsoNormal\"><span lang=\"ES-AR\"><span style=\"font-family: arial, sans-serif;\">En ese orden, Andrada consider\u00f3 que a este Gobierno nacional, que por segundo a\u00f1o consecutivo veta una Ley del Congreso de recomposici\u00f3n de los recursos para el funcionamiento y personal universitario, no le interesa la educaci\u00f3n.<\/span><\/span><\/p>\n<p class=\"v1MsoNormal\"><span lang=\"ES-AR\"><span style=\"font-family: arial, sans-serif;\">Ante ello, el senador vaticin\u00f3 que insistir\u00e1n con las normas que apruebe el Poder Legislativo las veces que sea necesario, &#8220;porque consideramos que uno de los motores que tuvo la Argentina para el ascenso social es la educaci\u00f3n superior, con ingreso irrestricto, con creaci\u00f3n de\u00a0<\/span><\/span>nuevas\u00a0universidades. Hoy no estamos votando una remesa presupuestaria. Hoy estamos votando futuro. No existe un pa\u00eds libre con una educaci\u00f3n cercenada&#8221;.<\/p>\n<p class=\"v1MsoNormal\"><span lang=\"ES-AR\"><span style=\"font-family: arial, sans-serif;\">Finalmente, en el cierre de su discurso en el recinto de sesiones, Guillermo Andrada mand\u00f3 un mensaje al equipo econ\u00f3mico del Gobierno nacional: &#8220;es hora que se pongan a manejar la econom\u00eda en serio, que dejen de andar por los canales de streaming generando manique\u00edsmo barato, que empiecen a acordar un Presupuesto razonable, que acuerden pol\u00edticamente. Les quedan quince largas jornadas financieras (<i>hasta las elecciones del 26 de octubre<\/i>). Se les van a acabar los p\u00edxeles en la Casa Blanca. Todas las fotos, las que quieran, se les van a acabar. Y si siguen as\u00ed lo van a terminar llamando al Chapul\u00edn Colorado, porque ya no saben a qui\u00e9n recurrir&#8221;.\u00a0<\/span><\/span><\/p>\n","protected":false},"excerpt":{"rendered":"<p>El senador nacional fundament\u00f3 su rechazo al veto del Poder Ejecutivo Nacional a la Ley de Financiamiento Universitario. \u00a0 En la sesi\u00f3n ordinaria de este jueves, la C\u00e1mara de Senadores de la Naci\u00f3n se encamina a rechazar los vetos del Poder Ejecutivo Nacional a las Leyes 27.796, que declara la emergencia sanitaria de la salud [&hellip;]<\/p>\n","protected":false},"author":2,"featured_media":4609,"comment_status":"open","ping_status":"open","sticky":false,"template":"","format":"standard","meta":{"footnotes":""},"categories":[21],"tags":[],"class_list":{"0":"post-4608","1":"post","2":"type-post","3":"status-publish","4":"format-standard","5":"has-post-thumbnail","7":"category-politica"},"aioseo_notices":[],"_links":{"self":[{"href":"https:\/\/elfaroonline.com.ar\/index.php\/wp-json\/wp\/v2\/posts\/4608","targetHints":{"allow":["GET"]}}],"collection":[{"href":"https:\/\/elfaroonline.com.ar\/index.php\/wp-json\/wp\/v2\/posts"}],"about":[{"href":"https:\/\/elfaroonline.com.ar\/index.php\/wp-json\/wp\/v2\/types\/post"}],"author":[{"embeddable":true,"href":"https:\/\/elfaroonline.com.ar\/index.php\/wp-json\/wp\/v2\/users\/2"}],"replies":[{"embeddable":true,"href":"https:\/\/elfaroonline.com.ar\/index.php\/wp-json\/wp\/v2\/comments?post=4608"}],"version-history":[{"count":1,"href":"https:\/\/elfaroonline.com.ar\/index.php\/wp-json\/wp\/v2\/posts\/4608\/revisions"}],"predecessor-version":[{"id":4610,"href":"https:\/\/elfaroonline.com.ar\/index.php\/wp-json\/wp\/v2\/posts\/4608\/revisions\/4610"}],"wp:featuredmedia":[{"embeddable":true,"href":"https:\/\/elfaroonline.com.ar\/index.php\/wp-json\/wp\/v2\/media\/4609"}],"wp:attachment":[{"href":"https:\/\/elfaroonline.com.ar\/index.php\/wp-json\/wp\/v2\/media?parent=4608"}],"wp:term":[{"taxonomy":"category","embeddable":true,"href":"https:\/\/elfaroonline.com.ar\/index.php\/wp-json\/wp\/v2\/categories?post=4608"},{"taxonomy":"post_tag","embeddable":true,"href":"https:\/\/elfaroonline.com.ar\/index.php\/wp-json\/wp\/v2\/tags?post=4608"}],"curies":[{"name":"wp","href":"https:\/\/api.w.org\/{rel}","templated":true}]}}