{"id":4611,"date":"2025-10-02T21:05:33","date_gmt":"2025-10-03T00:05:33","guid":{"rendered":"https:\/\/elfaroonline.com.ar\/?p=4611"},"modified":"2025-10-02T21:05:33","modified_gmt":"2025-10-03T00:05:33","slug":"vipsa-energia-avanza-con-su-proyecto-de-energia-sustentable-en-santa-maria","status":"publish","type":"post","link":"https:\/\/elfaroonline.com.ar\/index.php\/2025\/10\/02\/vipsa-energia-avanza-con-su-proyecto-de-energia-sustentable-en-santa-maria\/","title":{"rendered":"VIPSA Energ\u00eda avanza con su proyecto de energ\u00eda sustentable en Santa Mar\u00eda"},"content":{"rendered":"<p class=\"v1MsoNormal\">D\u00edas atr\u00e1s, representantes de la empresa Vipsa Energ\u00eda visitaron al gobernador Ra\u00fal Jalil para informar sobre los avances de su proyecto de energ\u00eda sustentable en Ampajango, Santa Mar\u00eda.<\/p>\n<p class=\"v1MsoNormal\">El vicepresidente de la firma, Juan Manuel Barros, coment\u00f3 que el proyecto es el desarrollo de un parque solar para el departamento de Santa Mar\u00eda, que se lleva a cabo en dos etapas. Concluida la primera etapa, el parque aportar\u00e1 5 MW megas de potencia, mientras que la segunda etapa representar\u00e1 una ampliaci\u00f3n de la potencia a 20 MW megas para toda la jurisdicci\u00f3n.<\/p>\n<p class=\"v1MsoNormal\">Barros explic\u00f3 que &#8220;se trata de una obra energ\u00e9tica muy importante, la cual ya comenz\u00f3 a ser ejecutada su primera etapa, y que esperamos ponerla en funcionamiento el a\u00f1o que viene&#8221;.<\/p>\n<p class=\"v1MsoNormal\">Vipsa Energ\u00eda S.A. es una empresa de capitales argentinos, comprometida con el desarrollo de fuentes de energ\u00eda renovables, que se dedica al desarrollo, construcci\u00f3n y operaci\u00f3n de proyectos de energ\u00eda renovables, con el objetivo de contribuir a disminuir el impacto en el cambio clim\u00e1tico y a mejorar la calidad de vida de las personas.<\/p>\n<p class=\"v1MsoNormal\">En el encuentro tambi\u00e9n participaron el ministro de Agua, Energ\u00eda y Medio Ambiente, Eduardo Niederle; y la asesora general de Gobierno, Mara Murua.<\/p>\n","protected":false},"excerpt":{"rendered":"<p>D\u00edas atr\u00e1s, representantes de la empresa Vipsa Energ\u00eda visitaron al gobernador Ra\u00fal Jalil para informar sobre los avances de su proyecto de energ\u00eda sustentable en Ampajango, Santa Mar\u00eda. El vicepresidente de la firma, Juan Manuel Barros, coment\u00f3 que el proyecto es el desarrollo de un parque solar para el departamento de Santa Mar\u00eda, que se [&hellip;]<\/p>\n","protected":false},"author":2,"featured_media":4612,"comment_status":"open","ping_status":"open","sticky":false,"template":"","format":"standard","meta":{"footnotes":""},"categories":[20],"tags":[],"class_list":{"0":"post-4611","1":"post","2":"type-post","3":"status-publish","4":"format-standard","5":"has-post-thumbnail","7":"category-sociedad"},"aioseo_notices":[],"_links":{"self":[{"href":"https:\/\/elfaroonline.com.ar\/index.php\/wp-json\/wp\/v2\/posts\/4611","targetHints":{"allow":["GET"]}}],"collection":[{"href":"https:\/\/elfaroonline.com.ar\/index.php\/wp-json\/wp\/v2\/posts"}],"about":[{"href":"https:\/\/elfaroonline.com.ar\/index.php\/wp-json\/wp\/v2\/types\/post"}],"author":[{"embeddable":true,"href":"https:\/\/elfaroonline.com.ar\/index.php\/wp-json\/wp\/v2\/users\/2"}],"replies":[{"embeddable":true,"href":"https:\/\/elfaroonline.com.ar\/index.php\/wp-json\/wp\/v2\/comments?post=4611"}],"version-history":[{"count":2,"href":"https:\/\/elfaroonline.com.ar\/index.php\/wp-json\/wp\/v2\/posts\/4611\/revisions"}],"predecessor-version":[{"id":4631,"href":"https:\/\/elfaroonline.com.ar\/index.php\/wp-json\/wp\/v2\/posts\/4611\/revisions\/4631"}],"wp:featuredmedia":[{"embeddable":true,"href":"https:\/\/elfaroonline.com.ar\/index.php\/wp-json\/wp\/v2\/media\/4612"}],"wp:attachment":[{"href":"https:\/\/elfaroonline.com.ar\/index.php\/wp-json\/wp\/v2\/media?parent=4611"}],"wp:term":[{"taxonomy":"category","embeddable":true,"href":"https:\/\/elfaroonline.com.ar\/index.php\/wp-json\/wp\/v2\/categories?post=4611"},{"taxonomy":"post_tag","embeddable":true,"href":"https:\/\/elfaroonline.com.ar\/index.php\/wp-json\/wp\/v2\/tags?post=4611"}],"curies":[{"name":"wp","href":"https:\/\/api.w.org\/{rel}","templated":true}]}}