{"id":4617,"date":"2025-10-02T21:04:45","date_gmt":"2025-10-03T00:04:45","guid":{"rendered":"https:\/\/elfaroonline.com.ar\/?p=4617"},"modified":"2025-10-02T21:04:45","modified_gmt":"2025-10-03T00:04:45","slug":"catamarca-y-francia-consolidan-la-cooperacion-para-preparar-a-recursos-humanos-en-areas-estrategicas","status":"publish","type":"post","link":"https:\/\/elfaroonline.com.ar\/index.php\/2025\/10\/02\/catamarca-y-francia-consolidan-la-cooperacion-para-preparar-a-recursos-humanos-en-areas-estrategicas\/","title":{"rendered":"Catamarca y Francia consolidan la cooperaci\u00f3n para preparar a recursos humanos en \u00e1reas estrat\u00e9gicas"},"content":{"rendered":"<p class=\"v1MsoNormal\">El Gobierno de Catamarca y el Gobierno de Francia fortalecen su v\u00ednculo de cooperaci\u00f3n bilateral a trav\u00e9s del trabajo conjunto entre el Campus Profesional Franco-Argentino y el Campus de Entrenamiento Laboral de Catamarca, articulado por el Ministerio de Trabajo, Planificaci\u00f3n y Recursos Humanos. Esta alianza busca preparar a los recursos humanos en \u00e1reas estrat\u00e9gicas para el desarrollo productivo de la provincia.<\/p>\n<p class=\"v1MsoNormal\">En este marco, el pasado lunes 29 de septiembre, 26 participantes recibieron certificados tras completar los cursos de Automatizaci\u00f3n con Programaci\u00f3n PLC (niveles I y II) y Dise\u00f1o y Armado de Tableros El\u00e9ctricos Industriales, dictados en el Instituto Nacional de Educaci\u00f3n Tecnol\u00f3gica (INET) en Buenos Aires.<\/p>\n<p class=\"v1MsoNormal\">La entrega de certificados cont\u00f3 con la presencia del gobernador Ra\u00fal Jalil; la ministra de Trabajo, Planificaci\u00f3n y Recursos Humanos, Ver\u00f3nica Soria; el ministro de Miner\u00eda, Marcelo Mur\u00faa; el Embajador de Francia en Argentina, Romain Nadal, y Christelle Sauder, responsable del Campus Profesional Franco-Argentino; y la presidenta de la C\u00e1mara de Diputados, Paola Fedeli.<\/p>\n<p class=\"v1MsoNormal\">El representante diplom\u00e1tico destac\u00f3 la relevancia de la cooperaci\u00f3n al afirmar: &#8220;Estamos muy felices de certificar a una primera camada de j\u00f3venes que se capacit\u00f3 en electricidad, un sector que necesita mucha juventud y que est\u00e1 en pleno desarrollo&#8221;.<\/p>\n<p class=\"v1MsoNormal\">Nadal tambi\u00e9n reafirm\u00f3 el compromiso de Francia con Catamarca en el fortalecimiento de esta alianza educativa y productiva, que convierte al Campus en una herramienta estrat\u00e9gica de capacitaci\u00f3n e inserci\u00f3n laboral, destinada a reducir la brecha entre la formaci\u00f3n y las demandas del sector productivo.<\/p>\n","protected":false},"excerpt":{"rendered":"<p>El Gobierno de Catamarca y el Gobierno de Francia fortalecen su v\u00ednculo de cooperaci\u00f3n bilateral a trav\u00e9s del trabajo conjunto entre el Campus Profesional Franco-Argentino y el Campus de Entrenamiento Laboral de Catamarca, articulado por el Ministerio de Trabajo, Planificaci\u00f3n y Recursos Humanos. Esta alianza busca preparar a los recursos humanos en \u00e1reas estrat\u00e9gicas para [&hellip;]<\/p>\n","protected":false},"author":2,"featured_media":4618,"comment_status":"open","ping_status":"open","sticky":false,"template":"","format":"standard","meta":{"footnotes":""},"categories":[20],"tags":[],"class_list":{"0":"post-4617","1":"post","2":"type-post","3":"status-publish","4":"format-standard","5":"has-post-thumbnail","7":"category-sociedad"},"aioseo_notices":[],"_links":{"self":[{"href":"https:\/\/elfaroonline.com.ar\/index.php\/wp-json\/wp\/v2\/posts\/4617","targetHints":{"allow":["GET"]}}],"collection":[{"href":"https:\/\/elfaroonline.com.ar\/index.php\/wp-json\/wp\/v2\/posts"}],"about":[{"href":"https:\/\/elfaroonline.com.ar\/index.php\/wp-json\/wp\/v2\/types\/post"}],"author":[{"embeddable":true,"href":"https:\/\/elfaroonline.com.ar\/index.php\/wp-json\/wp\/v2\/users\/2"}],"replies":[{"embeddable":true,"href":"https:\/\/elfaroonline.com.ar\/index.php\/wp-json\/wp\/v2\/comments?post=4617"}],"version-history":[{"count":1,"href":"https:\/\/elfaroonline.com.ar\/index.php\/wp-json\/wp\/v2\/posts\/4617\/revisions"}],"predecessor-version":[{"id":4619,"href":"https:\/\/elfaroonline.com.ar\/index.php\/wp-json\/wp\/v2\/posts\/4617\/revisions\/4619"}],"wp:featuredmedia":[{"embeddable":true,"href":"https:\/\/elfaroonline.com.ar\/index.php\/wp-json\/wp\/v2\/media\/4618"}],"wp:attachment":[{"href":"https:\/\/elfaroonline.com.ar\/index.php\/wp-json\/wp\/v2\/media?parent=4617"}],"wp:term":[{"taxonomy":"category","embeddable":true,"href":"https:\/\/elfaroonline.com.ar\/index.php\/wp-json\/wp\/v2\/categories?post=4617"},{"taxonomy":"post_tag","embeddable":true,"href":"https:\/\/elfaroonline.com.ar\/index.php\/wp-json\/wp\/v2\/tags?post=4617"}],"curies":[{"name":"wp","href":"https:\/\/api.w.org\/{rel}","templated":true}]}}