{"id":4620,"date":"2025-10-02T21:04:27","date_gmt":"2025-10-03T00:04:27","guid":{"rendered":"https:\/\/elfaroonline.com.ar\/?p=4620"},"modified":"2025-10-02T21:04:27","modified_gmt":"2025-10-03T00:04:27","slug":"se-conformo-la-mesa-de-empresas-y-sociedades-mineras-provinciales","status":"publish","type":"post","link":"https:\/\/elfaroonline.com.ar\/index.php\/2025\/10\/02\/se-conformo-la-mesa-de-empresas-y-sociedades-mineras-provinciales\/","title":{"rendered":"Se conform\u00f3 la Mesa de Empresas y Sociedades Mineras Provinciales"},"content":{"rendered":"<div dir=\"ltr\">\n<p class=\"v1MsoNormal\">Este martes, en el Nodo Tecnol\u00f3gico, qued\u00f3 conformada la Mesa de Empresas y Sociedades Mineras Provinciales, un espacio de cooperaci\u00f3n que re\u00fane a compa\u00f1\u00edas estatales de la regi\u00f3n Norte y Cuyo con el prop\u00f3sito de fortalecer sus capacidades institucionales, operativas y estrat\u00e9gicas, impulsar el crecimiento conjunto y consolidar una agenda com\u00fan con mayor articulaci\u00f3n regional.<\/p>\n<p class=\"v1MsoNormal\">La mesa surge de la necesidad de sumar escala, compartir recursos estrat\u00e9gicos y construir una voz unificada ante el Estado nacional y los actores globales del sector minero. Entre sus lineamientos se destacan la creaci\u00f3n de una plataforma com\u00fan para la promoci\u00f3n de licitaciones y proyectos, la cooperaci\u00f3n t\u00e9cnica entre empresas que comparten una misma identidad minera y la representaci\u00f3n conjunta en foros nacionales e internacionales, consolidando un espacio permanente de articulaci\u00f3n empresarial y desarrollo de capacidades compartidas.<\/p>\n<p class=\"v1MsoNormal\">Los firmantes del acuerdo fueron Hugo Moya, presidente de CAMYEN S.E. (Catamarca), Javier Montero, presidente de REMSa S.A. (Salta), Walter G\u00f3mez, presidente de EMSE S.E. (La Rioja), Cristian Azar, gerente de legales de Impulsa Mendoza S.A., y Exequiel Lello, presidente de JEMSE S.E. (Jujuy).<\/p>\n<p class=\"v1MsoNormal\">La jornada cont\u00f3 adem\u00e1s con la participaci\u00f3n del ministro de Miner\u00eda de Catamarca, Marcelo Mur\u00faa, quien brind\u00f3 las palabras de apertura antes del inicio formal de las actividades.<\/p>\n<p class=\"v1MsoNormal\"><b>Taller BID \u2013 FUNDAR<\/b><\/p>\n<p class=\"v1MsoNormal\">En el marco del encuentro se llev\u00f3 adelante el taller &#8220;Hoja de Ruta para el fortalecimiento de la Gobernanza de las empresas p\u00fablicas mineras&#8221;, organizado por el Banco Interamericano de Desarrollo (BID) y Fundar. En la jornada, el director de Fundar, Carlos Freytes, y Pamela Morales, consultora de Miner\u00eda de la Divisi\u00f3n de Energ\u00eda del BID, presentaron los ejes que acompa\u00f1ar\u00e1n a esta mesa, con foco en la promoci\u00f3n de inversiones y el acceso al financiamiento.<\/p>\n<\/div>\n","protected":false},"excerpt":{"rendered":"<p>Este martes, en el Nodo Tecnol\u00f3gico, qued\u00f3 conformada la Mesa de Empresas y Sociedades Mineras Provinciales, un espacio de cooperaci\u00f3n que re\u00fane a compa\u00f1\u00edas estatales de la regi\u00f3n Norte y Cuyo con el prop\u00f3sito de fortalecer sus capacidades institucionales, operativas y estrat\u00e9gicas, impulsar el crecimiento conjunto y consolidar una agenda com\u00fan con mayor articulaci\u00f3n regional. [&hellip;]<\/p>\n","protected":false},"author":2,"featured_media":4621,"comment_status":"open","ping_status":"open","sticky":false,"template":"","format":"standard","meta":{"footnotes":""},"categories":[21],"tags":[],"class_list":{"0":"post-4620","1":"post","2":"type-post","3":"status-publish","4":"format-standard","5":"has-post-thumbnail","7":"category-politica"},"aioseo_notices":[],"_links":{"self":[{"href":"https:\/\/elfaroonline.com.ar\/index.php\/wp-json\/wp\/v2\/posts\/4620","targetHints":{"allow":["GET"]}}],"collection":[{"href":"https:\/\/elfaroonline.com.ar\/index.php\/wp-json\/wp\/v2\/posts"}],"about":[{"href":"https:\/\/elfaroonline.com.ar\/index.php\/wp-json\/wp\/v2\/types\/post"}],"author":[{"embeddable":true,"href":"https:\/\/elfaroonline.com.ar\/index.php\/wp-json\/wp\/v2\/users\/2"}],"replies":[{"embeddable":true,"href":"https:\/\/elfaroonline.com.ar\/index.php\/wp-json\/wp\/v2\/comments?post=4620"}],"version-history":[{"count":1,"href":"https:\/\/elfaroonline.com.ar\/index.php\/wp-json\/wp\/v2\/posts\/4620\/revisions"}],"predecessor-version":[{"id":4622,"href":"https:\/\/elfaroonline.com.ar\/index.php\/wp-json\/wp\/v2\/posts\/4620\/revisions\/4622"}],"wp:featuredmedia":[{"embeddable":true,"href":"https:\/\/elfaroonline.com.ar\/index.php\/wp-json\/wp\/v2\/media\/4621"}],"wp:attachment":[{"href":"https:\/\/elfaroonline.com.ar\/index.php\/wp-json\/wp\/v2\/media?parent=4620"}],"wp:term":[{"taxonomy":"category","embeddable":true,"href":"https:\/\/elfaroonline.com.ar\/index.php\/wp-json\/wp\/v2\/categories?post=4620"},{"taxonomy":"post_tag","embeddable":true,"href":"https:\/\/elfaroonline.com.ar\/index.php\/wp-json\/wp\/v2\/tags?post=4620"}],"curies":[{"name":"wp","href":"https:\/\/api.w.org\/{rel}","templated":true}]}}