{"id":4623,"date":"2025-10-02T21:01:42","date_gmt":"2025-10-03T00:01:42","guid":{"rendered":"https:\/\/elfaroonline.com.ar\/?p=4623"},"modified":"2025-10-02T21:01:42","modified_gmt":"2025-10-03T00:01:42","slug":"fiesta-absoluta-en-las-mil-quedo-inaugurado-el-moderno-polideportivo-libertador-ii","status":"publish","type":"post","link":"https:\/\/elfaroonline.com.ar\/index.php\/2025\/10\/02\/fiesta-absoluta-en-las-mil-quedo-inaugurado-el-moderno-polideportivo-libertador-ii\/","title":{"rendered":"Fiesta absoluta en &#8220;Las Mil&#8221;: Qued\u00f3 inaugurado el moderno Polideportivo Libertador II"},"content":{"rendered":"<p class=\"v1MsoNormal\">El Gobierno de Catamarca, a trav\u00e9s del Ministerio de Hacienda y Obra P\u00fablica, finaliz\u00f3 las obras del Polideportivo Libertador II, un moderno complejo deportivo de 3.385 m\u00b2 cubiertos que se despliega en el conocido &#8220;Barrio Mil Viviendas&#8221;, en el sur de la ciudad.<\/p>\n<p class=\"v1MsoNormal\">El acto de inauguraci\u00f3n fue encabezado por el gobernador Ra\u00fal Jalil, y cont\u00f3 con la presencia del intendente de la Capital, Gustavo Saadi; el ministro de Hacienda y Obras P\u00fablicas, Juan Marchetti; el ministro de Gobierno, Fernando Monguillot; la ministra de Cultura, Turismo y Deporte, Daiana Rold\u00e1n, entre otras autoridades, vecinos y familias del populoso barrio del sur de la ciudad.<\/p>\n<p class=\"v1MsoNormal\">La obra marca un antes y un despu\u00e9s para todo el barrio. Primero, por la recuperaci\u00f3n de un espacio hist\u00f3rico y de mucho sentido de pertenencia para los vecinos; y segundo, porque esta moderna infraestructura se convertir\u00e1 en el nuevo Polo Deportivo del sur de la ciudad.<\/p>\n<p class=\"v1MsoNormal\">El deportista ol\u00edmpico, <b>Juli\u00e1n Guti\u00e9rrez<\/b>, quien vive en las cercan\u00edas del Poli, resalt\u00f3 la importancia de la obra para los ni\u00f1os y j\u00f3venes del barrio. &#8220;Como deportista y catamarque\u00f1o estoy muy contento por este proyecto. Es algo hermoso poder darle a los ni\u00f1os, j\u00f3venes y adultos mayores un espacio como este para practicar deporte y desarrollarse&#8221;.<\/p>\n<p class=\"v1MsoNormal\">La <b>ministra Daiana Rold\u00e1n<\/b> valor\u00f3 la inversi\u00f3n en infraestructura deportiva del Gobierno provincial. &#8220;Los proyectos de inversi\u00f3n que ha realizado nuestro gobernador Ra\u00fal Jalil, para el Ministerio de Cultura, Turismo y Deporte, han sido muy importantes e hist\u00f3ricos: inauguramos obras en m\u00e1s de 13 clubes, dos polideportivos, abrimos caminos, inauguramos la biblioteca, CATA&#8221;, afirm\u00f3. En la misma l\u00ednea, remarc\u00f3: &#8220;como no estar orgullosa de ser parte de este proyecto en donde el Gobernador ha invertido de una manera \u00fanica para el desarrollo de la cultura, del turismo y del deporte&#8221;.<\/p>\n<p class=\"v1MsoNormal\">Por \u00faltimo, en su mensaje, el <b>gobernador Ra\u00fal Jalil<\/b>expres\u00f3 que: &#8220;estoy muy orgulloso del equipo que tenemos. Nuestro proyecto pol\u00edtico piensa en esto: brindar mejores espacios p\u00fablicos como este polideportivo, con una pol\u00edtica inclusiva, y esto solo lo podemos lograr porque trabajamos en equipo&#8221;.<\/p>\n<p class=\"v1MsoNormal\"><b>La obra <\/b><\/p>\n<p class=\"v1MsoNormal\">El edificio est\u00e1 organizado en dos plantas y fue dise\u00f1ado con accesibilidad plena, gracias a una explanada-rampa que conecta con el hall principal. Las tribunas cuentan con capacidad para casi 600 espectadores.<\/p>\n<p class=\"v1MsoNormal\">Otro de los puntos destacados es el restaurante con barra, cocina y dep\u00f3sito, acompa\u00f1ado de una explanada arbolada que ampl\u00eda su capacidad al aire libre. Junto a este sector se encuentran los sanitarios p\u00fablicos y dependencias de servicio como mayordom\u00eda, dep\u00f3sitos y sala de monitoreo, organizados en torno a un patio interno.<\/p>\n<p class=\"v1MsoNormal\">En la planta alta se ubican la sala de tiro deportivo, un sal\u00f3n de baile y un gimnasio, cada uno con su respectivo dep\u00f3sito, adem\u00e1s de los espacios t\u00e9cnicos y tanques del sistema sanitario. La conexi\u00f3n entre ambos niveles se realiza mediante escalera principal y ascensor, garantizando accesibilidad universal.<\/p>\n","protected":false},"excerpt":{"rendered":"<p>El Gobierno de Catamarca, a trav\u00e9s del Ministerio de Hacienda y Obra P\u00fablica, finaliz\u00f3 las obras del Polideportivo Libertador II, un moderno complejo deportivo de 3.385 m\u00b2 cubiertos que se despliega en el conocido &#8220;Barrio Mil Viviendas&#8221;, en el sur de la ciudad. El acto de inauguraci\u00f3n fue encabezado por el gobernador Ra\u00fal Jalil, y [&hellip;]<\/p>\n","protected":false},"author":2,"featured_media":4624,"comment_status":"open","ping_status":"open","sticky":false,"template":"","format":"standard","meta":{"footnotes":""},"categories":[25,20],"tags":[],"class_list":{"0":"post-4623","1":"post","2":"type-post","3":"status-publish","4":"format-standard","5":"has-post-thumbnail","7":"category-deportes","8":"category-sociedad"},"aioseo_notices":[],"_links":{"self":[{"href":"https:\/\/elfaroonline.com.ar\/index.php\/wp-json\/wp\/v2\/posts\/4623","targetHints":{"allow":["GET"]}}],"collection":[{"href":"https:\/\/elfaroonline.com.ar\/index.php\/wp-json\/wp\/v2\/posts"}],"about":[{"href":"https:\/\/elfaroonline.com.ar\/index.php\/wp-json\/wp\/v2\/types\/post"}],"author":[{"embeddable":true,"href":"https:\/\/elfaroonline.com.ar\/index.php\/wp-json\/wp\/v2\/users\/2"}],"replies":[{"embeddable":true,"href":"https:\/\/elfaroonline.com.ar\/index.php\/wp-json\/wp\/v2\/comments?post=4623"}],"version-history":[{"count":1,"href":"https:\/\/elfaroonline.com.ar\/index.php\/wp-json\/wp\/v2\/posts\/4623\/revisions"}],"predecessor-version":[{"id":4626,"href":"https:\/\/elfaroonline.com.ar\/index.php\/wp-json\/wp\/v2\/posts\/4623\/revisions\/4626"}],"wp:featuredmedia":[{"embeddable":true,"href":"https:\/\/elfaroonline.com.ar\/index.php\/wp-json\/wp\/v2\/media\/4624"}],"wp:attachment":[{"href":"https:\/\/elfaroonline.com.ar\/index.php\/wp-json\/wp\/v2\/media?parent=4623"}],"wp:term":[{"taxonomy":"category","embeddable":true,"href":"https:\/\/elfaroonline.com.ar\/index.php\/wp-json\/wp\/v2\/categories?post=4623"},{"taxonomy":"post_tag","embeddable":true,"href":"https:\/\/elfaroonline.com.ar\/index.php\/wp-json\/wp\/v2\/tags?post=4623"}],"curies":[{"name":"wp","href":"https:\/\/api.w.org\/{rel}","templated":true}]}}