{"id":4627,"date":"2025-10-02T21:04:09","date_gmt":"2025-10-03T00:04:09","guid":{"rendered":"https:\/\/elfaroonline.com.ar\/?p=4627"},"modified":"2025-10-02T21:04:09","modified_gmt":"2025-10-03T00:04:09","slug":"el-gobierno-entrego-80-viviendas-en-el-loteo-aires-del-sur-y-supero-las-1-200-soluciones-habitacionales-en-el-ano","status":"publish","type":"post","link":"https:\/\/elfaroonline.com.ar\/index.php\/2025\/10\/02\/el-gobierno-entrego-80-viviendas-en-el-loteo-aires-del-sur-y-supero-las-1-200-soluciones-habitacionales-en-el-ano\/","title":{"rendered":"El Gobierno entreg\u00f3 80 viviendas en el Loteo Aires del Sur y super\u00f3 las 1.200 soluciones habitacionales en el a\u00f1o"},"content":{"rendered":"<p class=\"v1MsoNormal\">En otro acto cargado de emoci\u00f3n, el gobernador Ra\u00fal Jalil, el ministro de Gobierno, Seguridad y Justicia, Fernando Monguillot, y el ministro de la Vivienda y Urbanizaci\u00f3n, Fidel S\u00e1enz, encabezaron la entrega de 80 viviendas destinadas a solteros en el Loteo Aires del Sur. Se trata de casas y d\u00faplex, todos equipados con termotanque solar para promover el uso de energ\u00edas renovables y garantizar mayor eficiencia en el consumo de servicios.<\/p>\n<p class=\"v1MsoNormal\">El barrio cuenta con todas las obras de infraestructura necesarias para una vida de calidad como red de cloacas, agua potable, electricidad, alumbrado p\u00fablico, cord\u00f3n cuneta y forestaci\u00f3n. Vale mencionar que, en medio de un panorama coyuntural econ\u00f3mico complejo y sin apoyo nacional, estas obras fueron financiadas \u00edntegramente con fondos provinciales, resaltando el compromiso del Estado con el acceso a la vivienda y el desarrollo urbano sostenible.<\/p>\n<p class=\"v1MsoNormal\">En sus palabras dirigidas al p\u00fablico presente, el ministro S\u00e1enz reflexion\u00f3: &#8220;Nosotros hemos sido testigos en todo este per\u00edodo, en donde nos hemos pasado trabajando y entregando, en mi caso viviendas. Y en varios de esos recorridos me ha tocado acompa\u00f1ar al Gobernador, que en esos recorridos inaugur\u00f3 un mont\u00f3n de obras por todos los departamentos. Esto es importante para hacer un contraste con lo que est\u00e1 pasando a nivel nacional, donde no se inaugura ni una obra&#8221;.<\/p>\n<p class=\"v1MsoNormal\">Felisa Quinteros, una beneficiaria, con l\u00e1grimas en los ojos de la emoci\u00f3n y la voz entrecortada, agradeci\u00f3 la oportunidad de tener las llaves de su hogar: &#8220;Gracias por darme esta oportunidad. Estoy tan contenta, tan emocionada, no saben lo que es cumplir el sue\u00f1o de tener un techo propio. Gracias al trabajo incansable, pese a todos los inconvenientes nos solucionaron el problema habitacional, porque la base de la familia es tener una casa&#8221;.<\/p>\n<p class=\"v1MsoNormal\"><b>Pol\u00edtica habitacional activa<\/b><\/p>\n<p class=\"v1MsoNormal\">La entrega se enmarca en el Plan Integral de Vivienda, que en lo que va del a\u00f1o 2025 super\u00f3 los 1.200 hogares y mejoramientos habitacionales entregados distribuidos en Huillapima, Pom\u00e1n, Fiambal\u00e1, Capital, Valle Viejo, Bel\u00e9n, Tinogasta, Antofagasta de la Sierra y Santa Mar\u00eda. De esta manera, la pol\u00edtica habitacional del Gobierno llega a lo largo y ancho de la provincia, adapt\u00e1ndose a las diferentes realidades locales.<\/p>\n<p class=\"v1MsoNormal\">Adem\u00e1s, el Ministerio de la Vivienda y Urbanizaci\u00f3n avanz\u00f3 en otros programas complementarios, como la adjudicaci\u00f3n de 250 lotes para autoconstrucci\u00f3n en Los Plateados y la construcci\u00f3n de 152 d\u00faplex en Valle Chico, ampliando las oportunidades de acceso a la casa propia para m\u00e1s catamarque\u00f1os.<\/p>\n<p class=\"v1MsoNormal\">La entrega de llaves cont\u00f3 tambi\u00e9n con la participaci\u00f3n del ministro de Transporte, Log\u00edstica e Integraci\u00f3n Regional, Eduardo Andrada, el secretario de la Vivienda, Daniel Zelaya, la diputada Claudia Palladino; adem\u00e1s del dirigente Juan Pablo S\u00e1nchez y el concejal Francisco Sosa.<\/p>\n","protected":false},"excerpt":{"rendered":"<p>En otro acto cargado de emoci\u00f3n, el gobernador Ra\u00fal Jalil, el ministro de Gobierno, Seguridad y Justicia, Fernando Monguillot, y el ministro de la Vivienda y Urbanizaci\u00f3n, Fidel S\u00e1enz, encabezaron la entrega de 80 viviendas destinadas a solteros en el Loteo Aires del Sur. Se trata de casas y d\u00faplex, todos equipados con termotanque solar [&hellip;]<\/p>\n","protected":false},"author":2,"featured_media":4628,"comment_status":"open","ping_status":"open","sticky":false,"template":"","format":"standard","meta":{"footnotes":""},"categories":[21],"tags":[],"class_list":{"0":"post-4627","1":"post","2":"type-post","3":"status-publish","4":"format-standard","5":"has-post-thumbnail","7":"category-politica"},"aioseo_notices":[],"_links":{"self":[{"href":"https:\/\/elfaroonline.com.ar\/index.php\/wp-json\/wp\/v2\/posts\/4627","targetHints":{"allow":["GET"]}}],"collection":[{"href":"https:\/\/elfaroonline.com.ar\/index.php\/wp-json\/wp\/v2\/posts"}],"about":[{"href":"https:\/\/elfaroonline.com.ar\/index.php\/wp-json\/wp\/v2\/types\/post"}],"author":[{"embeddable":true,"href":"https:\/\/elfaroonline.com.ar\/index.php\/wp-json\/wp\/v2\/users\/2"}],"replies":[{"embeddable":true,"href":"https:\/\/elfaroonline.com.ar\/index.php\/wp-json\/wp\/v2\/comments?post=4627"}],"version-history":[{"count":1,"href":"https:\/\/elfaroonline.com.ar\/index.php\/wp-json\/wp\/v2\/posts\/4627\/revisions"}],"predecessor-version":[{"id":4629,"href":"https:\/\/elfaroonline.com.ar\/index.php\/wp-json\/wp\/v2\/posts\/4627\/revisions\/4629"}],"wp:featuredmedia":[{"embeddable":true,"href":"https:\/\/elfaroonline.com.ar\/index.php\/wp-json\/wp\/v2\/media\/4628"}],"wp:attachment":[{"href":"https:\/\/elfaroonline.com.ar\/index.php\/wp-json\/wp\/v2\/media?parent=4627"}],"wp:term":[{"taxonomy":"category","embeddable":true,"href":"https:\/\/elfaroonline.com.ar\/index.php\/wp-json\/wp\/v2\/categories?post=4627"},{"taxonomy":"post_tag","embeddable":true,"href":"https:\/\/elfaroonline.com.ar\/index.php\/wp-json\/wp\/v2\/tags?post=4627"}],"curies":[{"name":"wp","href":"https:\/\/api.w.org\/{rel}","templated":true}]}}