{"id":4632,"date":"2025-10-02T21:10:48","date_gmt":"2025-10-03T00:10:48","guid":{"rendered":"https:\/\/elfaroonline.com.ar\/?p=4632"},"modified":"2025-10-02T21:25:00","modified_gmt":"2025-10-03T00:25:00","slug":"nuevo-reves-para-el-gobierno-el-senado-rechazo-los-vetos-de-milei-al-financiamiento-del-garrahan-y-las-universidades","status":"publish","type":"post","link":"https:\/\/elfaroonline.com.ar\/index.php\/2025\/10\/02\/nuevo-reves-para-el-gobierno-el-senado-rechazo-los-vetos-de-milei-al-financiamiento-del-garrahan-y-las-universidades\/","title":{"rendered":"Nuevo rev\u00e9s para el Gobierno: el Senado rechaz\u00f3 los vetos de Milei al financiamiento del Garrahan y las universidades"},"content":{"rendered":"<p>En un resultado anticipado, <b>el Gobierno recibi\u00f3 esta tarde una contundente derrota en el Senado: la oposici\u00f3n casi en su conjunto rechaz\u00f3 los dos vetos de las leyes que declara la emergencia pedi\u00e1trica<\/b> -hospital Garrahan como emblema-, <b>y que mejora y blinda los presupuestos de universidades p\u00fablicas<\/b>. De esta manera, ambas normas recuperan vigor y se aguarda, de cara al corto plazo, los pr\u00f3ximos movimientos del Ejecutivo, que en el tambi\u00e9n reactivado articulado sobre discapacidad dilat\u00f3, d\u00edas atr\u00e1s, el giro de fondos.<\/p>\n<p>Los vetos de este jueves fueron debatidos de forma conjunta; la definici\u00f3n, separada. Por un lado, la emergencia pedi\u00e1trica obtuvo 59 votos positivos, siete negativos y tres abstenciones -de los macristas<b> Alfredo De \u00c1ngeli<\/b>, <b>Mart\u00edn Goerling<\/b>y <b>Victoria Huala<\/b>&#8211; sobre un total de x presentes. En tanto, la iniciativa relacionada con universidades consigui\u00f3 58 adhesiones, siete rechazos y las mismas tres abstenciones del Pro, m\u00e1s la radical <b>Carolina Losada<\/b>. Es decir, ambos textos lograron -bajo la mirada de la vicepresidenta y titular de la C\u00e1mara alta, <b>Victoria Villarruel<\/b>-, por<b> amplio margen, los dos tercios que requieren las leyes para ser insistidas por el Congreso<\/b>.<\/p>\n<p>Las dos leyes fueron insistidas con dos tercios de los votos y recuperan vigor. La primera obtuvo 59 adhesiones, mientras que la segunda consigui\u00f3 58. Expectativa por el pr\u00f3ximo movimiento del Ejecutivo, que d\u00edas atr\u00e1s dilat\u00f3 el giro de fondos para la tambi\u00e9n reactivada norma sobre discapacidad.<\/p>\n<div class=\"headline-wrapper\">\n<h2 class=\"header headline-class-h2\">Qu\u00e9 se dijo en el recinto<\/h2>\n<\/div>\n<p class=\"paragraph\" data-mrf-recirculation=\"Links inline\">Lo m\u00e1s curioso de la discusi\u00f3n de hoy fue que los dos miembros informantes fueron dos senadores kirchneristas que, durante largos meses de 2024, se rehusaron a integrar las comisiones que ahora presiden y que empujaron ambos debates: la catamarque\u00f1a <b>Luc\u00eda Corpacci<\/b> (Salud) y el bonaerense <b>Eduardo De Pedro<\/b> (Educaci\u00f3n). La primera afirm\u00f3 que no se puede \u201cmirar para otro lado cuando la sociedad nos indica diariamente qu\u00e9 es lo que est\u00e1 pasando con la atenci\u00f3n pedi\u00e1trica\u201d.<\/p>\n<p class=\"paragraph\" data-mrf-recirculation=\"Links inline\">Aparecieron otros soldados del Frente de Todos para reforzar los conceptos iniciales. Por caso, el peronista <b>Guillermo Andrada<\/b> (Catamarca) se\u00f1al\u00f3 que \u201cel Presidente no entiende que el pueblo argentino, ante ciertas conquistas, como las universidades, no se va a rendir y el Congreso lo va a acompa\u00f1ar\u201d. En esa l\u00ednea, sentenci\u00f3: \u201c<b>A m\u00e1s vetos, m\u00e1s votos<\/b>\u201d.<\/p>\n<p class=\"paragraph\" data-mrf-recirculation=\"Links inline\">El tambi\u00e9n justicialista <b>Pablo Bensus\u00e1n<\/b> (La Pampa) asegur\u00f3 la batalla legislativa nunca se trat\u00f3 de algo \u201ct\u00e9cnico, fiscal o contable\u201d, sino de \u201cun debate pol\u00edtico y moral\u201d. Y a\u00f1adi\u00f3: \u201cPara -el primer mandatario, <b>Javier<\/b>&#8211; <b>Milei<\/b> y su gobierno, s\u00f3lo puede estudiar el que paga una carrera. S\u00f3lo puede atenderse en los hospitales quien paga una obra social privada. \u00c9se es el criterio que estamos viendo con estos dos vetos que estamos tratando. Evidentemente, es un proyecto de motosierra que no corta privilegios, sino derechos.<\/p>\n<p class=\"paragraph\" data-mrf-recirculation=\"Links inline\">\u201cSi el Presidente y su equipo de funcionarios hubiesen tenido en mismo nivel de obsesi\u00f3n y de creatividad -en referencia a la macroeconom\u00eda- para buscar consensos, acuerdos y, sobre todo, soluciones, no estar\u00edamos nuevamente ante esta situaci\u00f3n\u201d, lanz\u00f3 la senadora larretista <b>Guadalupe Tagliaferri<\/b> (Ciudad de Buenos Aires).<\/p>\n","protected":false},"excerpt":{"rendered":"<p>En un resultado anticipado, el Gobierno recibi\u00f3 esta tarde una contundente derrota en el Senado: la oposici\u00f3n casi en su conjunto rechaz\u00f3 los dos vetos de las leyes que declara la emergencia pedi\u00e1trica -hospital Garrahan como emblema-, y que mejora y blinda los presupuestos de universidades p\u00fablicas. De esta manera, ambas normas recuperan vigor y [&hellip;]<\/p>\n","protected":false},"author":2,"featured_media":4633,"comment_status":"open","ping_status":"open","sticky":false,"template":"","format":"standard","meta":{"footnotes":""},"categories":[22,20],"tags":[],"class_list":{"0":"post-4632","1":"post","2":"type-post","3":"status-publish","4":"format-standard","5":"has-post-thumbnail","7":"category-nacionales","8":"category-sociedad"},"aioseo_notices":[],"_links":{"self":[{"href":"https:\/\/elfaroonline.com.ar\/index.php\/wp-json\/wp\/v2\/posts\/4632","targetHints":{"allow":["GET"]}}],"collection":[{"href":"https:\/\/elfaroonline.com.ar\/index.php\/wp-json\/wp\/v2\/posts"}],"about":[{"href":"https:\/\/elfaroonline.com.ar\/index.php\/wp-json\/wp\/v2\/types\/post"}],"author":[{"embeddable":true,"href":"https:\/\/elfaroonline.com.ar\/index.php\/wp-json\/wp\/v2\/users\/2"}],"replies":[{"embeddable":true,"href":"https:\/\/elfaroonline.com.ar\/index.php\/wp-json\/wp\/v2\/comments?post=4632"}],"version-history":[{"count":1,"href":"https:\/\/elfaroonline.com.ar\/index.php\/wp-json\/wp\/v2\/posts\/4632\/revisions"}],"predecessor-version":[{"id":4634,"href":"https:\/\/elfaroonline.com.ar\/index.php\/wp-json\/wp\/v2\/posts\/4632\/revisions\/4634"}],"wp:featuredmedia":[{"embeddable":true,"href":"https:\/\/elfaroonline.com.ar\/index.php\/wp-json\/wp\/v2\/media\/4633"}],"wp:attachment":[{"href":"https:\/\/elfaroonline.com.ar\/index.php\/wp-json\/wp\/v2\/media?parent=4632"}],"wp:term":[{"taxonomy":"category","embeddable":true,"href":"https:\/\/elfaroonline.com.ar\/index.php\/wp-json\/wp\/v2\/categories?post=4632"},{"taxonomy":"post_tag","embeddable":true,"href":"https:\/\/elfaroonline.com.ar\/index.php\/wp-json\/wp\/v2\/tags?post=4632"}],"curies":[{"name":"wp","href":"https:\/\/api.w.org\/{rel}","templated":true}]}}