{"id":4638,"date":"2025-10-02T21:19:00","date_gmt":"2025-10-03T00:19:00","guid":{"rendered":"https:\/\/elfaroonline.com.ar\/?p=4638"},"modified":"2025-10-02T21:19:00","modified_gmt":"2025-10-03T00:19:00","slug":"triple-femicidio-narco-expulsaron-al-ladero-de-pequeno-j-de-peru","status":"publish","type":"post","link":"https:\/\/elfaroonline.com.ar\/index.php\/2025\/10\/02\/triple-femicidio-narco-expulsaron-al-ladero-de-pequeno-j-de-peru\/","title":{"rendered":"Triple femicidio narco: expulsaron al ladero de \u201cPeque\u00f1o J\u201d de Per\u00fa"},"content":{"rendered":"<p>Un grupo de polic\u00edas de la Federal y de la Bonaense llegaron poco despu\u00e9s de las 16.30 a Lima en un avi\u00f3n de la Fuerza A\u00e9rea. Mat\u00edas Agust\u00edn Ozorio ser\u00e1 indagado este viernes por el fiscal.<\/p>\n<p class=\"paragraph\" data-mrf-recirculation=\"Links inline\">As\u00ed se inici\u00f3 el <b>proceso de expulsi\u00f3n del argentino<\/b>que fue capturado en Lima este martes cuando ten\u00eda planeado encontrarse con \u201cPeque\u00f1o J\u201d en una plaza del distrito Los Olivos de la capital peruana.<\/p>\n<div class=\"inline ad-wrapper\">\n<div class=\"dfpAd ad-inline\">\n<div class=\"headline-wrapper\">\n<h2 class=\"header headline-class-h2\">C\u00f3mo se produjo la captura de Mat\u00edas Ozorio<\/h2>\n<\/div>\n<p class=\"paragraph\" data-mrf-recirculation=\"Links inline\">El operativo policial en territorio peruano se ejecut\u00f3 tras un intercambio de informaci\u00f3n reservado entre la Polic\u00eda argentina y la peruana. Seg\u00fan explic\u00f3 el general <b>\u00d3scar Arriola <\/b>en entrevista con <i>RPP Noticias<\/i>, las alertas llegaron con fotograf\u00edas, nombres y datos clave que permitieron rastrear a los sospechosos.<\/p>\n<\/div>\n<\/div>\n<p class=\"paragraph\" data-mrf-recirculation=\"Links inline\">Tras una conferencia de prensa conjunta, las autoridades peruanas entregaron a sus pares de Argentina a Ozorio a las 17.36. Con el sospechoso, abordaron el vuelo de la Fuerza A\u00e9rea.<\/p>\n<p class=\"paragraph\" data-mrf-recirculation=\"Links inline\">El vuelo argentino con quien fue el octavo de los nueve detenidos por el triple femicidio de<b> Lara Guti\u00e9rrez, Brenda del Castillo y Morena Verdi<\/b>parti\u00f3 a las 17.53 del aeropuerto de Lima rumbo a Buenos Aires. Se espera que haga una parada en Salta, como sucedi\u00f3 a la ida.<\/p>\n<p class=\"paragraph\" data-mrf-recirculation=\"Links inline\">En tanto, el fiscal de Homicidios de La Matanza <b>Adri\u00e1n Arribas<\/b>, a cargo del esclarecimiento del caso, adelant\u00f3 a la prensa que Ozorio ser\u00e1 indagado este viernes por la ma\u00f1ana.<\/p>\n<p class=\"paragraph\" data-mrf-recirculation=\"Links inline\">\u201c<b>Estas dos personas pudieron haber estado transitando por un a\u00f1o y dos a\u00f1os ac\u00e1 en el Per\u00fa<\/b>y nadie hubiera tenido conocimiento de nada. Todo nace porque la polic\u00eda argentina se comunica con la polic\u00eda peruana y traslada la informaci\u00f3n en un alto grado de confianza\u201d, se\u00f1al\u00f3 Arriola al detallar c\u00f3mo se inici\u00f3 el trabajo de inteligencia.<\/p>\n<p class=\"paragraph\" data-mrf-recirculation=\"Links inline\">La situaci\u00f3n de Valverde es distinta por su nacionalidad peruana. Arriola precis\u00f3 que su proceso se enmarca en la figura de la <b>extradici\u00f3n<\/b>y depender\u00e1 de la actuaci\u00f3n del Poder Judicial, el Ministerio P\u00fablico y las autoridades argentinas.<\/p>\n<div class=\"visual__image\"><picture><source srcset=\"https:\/\/www.infobae.com\/resizer\/v2\/65HNEM4S2NH65D7GD4YDHUENWY.jpg?auth=48bebddd5a93721d48d2c44e289421113b2adfa634424129f01604c5ba438d6c&amp;smart=true&amp;width=992&amp;height=558&amp;quality=85\" media=\"(min-width: 1000px)\" \/><source srcset=\"https:\/\/www.infobae.com\/resizer\/v2\/65HNEM4S2NH65D7GD4YDHUENWY.jpg?auth=48bebddd5a93721d48d2c44e289421113b2adfa634424129f01604c5ba438d6c&amp;smart=true&amp;width=768&amp;height=432&amp;quality=85\" media=\"(min-width: 768px)\" \/><source srcset=\"https:\/\/www.infobae.com\/resizer\/v2\/65HNEM4S2NH65D7GD4YDHUENWY.jpg?auth=48bebddd5a93721d48d2c44e289421113b2adfa634424129f01604c5ba438d6c&amp;smart=true&amp;width=577&amp;height=325&amp;quality=85\" media=\"(min-width: 580px)\" \/><source srcset=\"https:\/\/www.infobae.com\/resizer\/v2\/65HNEM4S2NH65D7GD4YDHUENWY.jpg?auth=48bebddd5a93721d48d2c44e289421113b2adfa634424129f01604c5ba438d6c&amp;smart=true&amp;width=420&amp;height=236&amp;quality=85\" media=\"(min-width: 350px)\" \/><source srcset=\"https:\/\/www.infobae.com\/resizer\/v2\/65HNEM4S2NH65D7GD4YDHUENWY.jpg?auth=48bebddd5a93721d48d2c44e289421113b2adfa634424129f01604c5ba438d6c&amp;smart=true&amp;width=350&amp;height=197&amp;quality=85\" media=\"(min-width: 80px)\" \/><\/picture><\/div>\n<div class=\"visual__image\"><picture><source srcset=\"https:\/\/www.infobae.com\/resizer\/v2\/FMEL4MGOTFCBTFI2MZYKCLLV64.jpeg?auth=9a2aba9875bbb37378e161277b10c25bf99a92eac1917bf0d9892adc3d8f83ec&amp;smart=true&amp;width=992&amp;height=662&amp;quality=85\" media=\"(min-width: 1000px)\" \/><source srcset=\"https:\/\/www.infobae.com\/resizer\/v2\/FMEL4MGOTFCBTFI2MZYKCLLV64.jpeg?auth=9a2aba9875bbb37378e161277b10c25bf99a92eac1917bf0d9892adc3d8f83ec&amp;smart=true&amp;width=768&amp;height=512&amp;quality=85\" media=\"(min-width: 768px)\" \/><source srcset=\"https:\/\/www.infobae.com\/resizer\/v2\/FMEL4MGOTFCBTFI2MZYKCLLV64.jpeg?auth=9a2aba9875bbb37378e161277b10c25bf99a92eac1917bf0d9892adc3d8f83ec&amp;smart=true&amp;width=577&amp;height=385&amp;quality=85\" media=\"(min-width: 580px)\" \/><source srcset=\"https:\/\/www.infobae.com\/resizer\/v2\/FMEL4MGOTFCBTFI2MZYKCLLV64.jpeg?auth=9a2aba9875bbb37378e161277b10c25bf99a92eac1917bf0d9892adc3d8f83ec&amp;smart=true&amp;width=420&amp;height=280&amp;quality=85\" media=\"(min-width: 350px)\" \/><source srcset=\"https:\/\/www.infobae.com\/resizer\/v2\/FMEL4MGOTFCBTFI2MZYKCLLV64.jpeg?auth=9a2aba9875bbb37378e161277b10c25bf99a92eac1917bf0d9892adc3d8f83ec&amp;smart=true&amp;width=350&amp;height=234&amp;quality=85\" media=\"(min-width: 80px)\" \/><\/picture><\/div>\n","protected":false},"excerpt":{"rendered":"<p>Un grupo de polic\u00edas de la Federal y de la Bonaense llegaron poco despu\u00e9s de las 16.30 a Lima en un avi\u00f3n de la Fuerza A\u00e9rea. Mat\u00edas Agust\u00edn Ozorio ser\u00e1 indagado este viernes por el fiscal. As\u00ed se inici\u00f3 el proceso de expulsi\u00f3n del argentinoque fue capturado en Lima este martes cuando ten\u00eda planeado encontrarse [&hellip;]<\/p>\n","protected":false},"author":2,"featured_media":4639,"comment_status":"open","ping_status":"open","sticky":false,"template":"","format":"standard","meta":{"footnotes":""},"categories":[22,27],"tags":[],"class_list":{"0":"post-4638","1":"post","2":"type-post","3":"status-publish","4":"format-standard","5":"has-post-thumbnail","7":"category-nacionales","8":"category-policiales"},"aioseo_notices":[],"_links":{"self":[{"href":"https:\/\/elfaroonline.com.ar\/index.php\/wp-json\/wp\/v2\/posts\/4638","targetHints":{"allow":["GET"]}}],"collection":[{"href":"https:\/\/elfaroonline.com.ar\/index.php\/wp-json\/wp\/v2\/posts"}],"about":[{"href":"https:\/\/elfaroonline.com.ar\/index.php\/wp-json\/wp\/v2\/types\/post"}],"author":[{"embeddable":true,"href":"https:\/\/elfaroonline.com.ar\/index.php\/wp-json\/wp\/v2\/users\/2"}],"replies":[{"embeddable":true,"href":"https:\/\/elfaroonline.com.ar\/index.php\/wp-json\/wp\/v2\/comments?post=4638"}],"version-history":[{"count":1,"href":"https:\/\/elfaroonline.com.ar\/index.php\/wp-json\/wp\/v2\/posts\/4638\/revisions"}],"predecessor-version":[{"id":4640,"href":"https:\/\/elfaroonline.com.ar\/index.php\/wp-json\/wp\/v2\/posts\/4638\/revisions\/4640"}],"wp:featuredmedia":[{"embeddable":true,"href":"https:\/\/elfaroonline.com.ar\/index.php\/wp-json\/wp\/v2\/media\/4639"}],"wp:attachment":[{"href":"https:\/\/elfaroonline.com.ar\/index.php\/wp-json\/wp\/v2\/media?parent=4638"}],"wp:term":[{"taxonomy":"category","embeddable":true,"href":"https:\/\/elfaroonline.com.ar\/index.php\/wp-json\/wp\/v2\/categories?post=4638"},{"taxonomy":"post_tag","embeddable":true,"href":"https:\/\/elfaroonline.com.ar\/index.php\/wp-json\/wp\/v2\/tags?post=4638"}],"curies":[{"name":"wp","href":"https:\/\/api.w.org\/{rel}","templated":true}]}}