{"id":4641,"date":"2025-10-02T21:24:01","date_gmt":"2025-10-03T00:24:01","guid":{"rendered":"https:\/\/elfaroonline.com.ar\/?p=4641"},"modified":"2025-10-02T21:24:01","modified_gmt":"2025-10-03T00:24:01","slug":"milei-presento-el-nuevo-codigo-penal-necesitamos-tolerancia-cero-y-penas-mas-duras","status":"publish","type":"post","link":"https:\/\/elfaroonline.com.ar\/index.php\/2025\/10\/02\/milei-presento-el-nuevo-codigo-penal-necesitamos-tolerancia-cero-y-penas-mas-duras\/","title":{"rendered":"Milei present\u00f3 el nuevo C\u00f3digo Penal: \u201cNecesitamos tolerancia cero y penas m\u00e1s duras\u201d"},"content":{"rendered":"<p>El presidente particip\u00f3 de un acto junto a la ministra de Seguridad, Patricia Bullrich, en el Complejo Penitenciario de Ezeiza. Qu\u00e9 dice el proyecto que enviar\u00e1n al Congreso de la Naci\u00f3n.<\/p>\n<p>\u201c<b>Como parte de nuestro objetivo de hacer grande a la Argentina nuevamente, el orden es una precondici\u00f3n. Y por eso necesitamos tolerancia cero, porque el que las hace, las paga. Y eso es lo que vinimos a hacer en el d\u00eda de hoy<\/b>\u201d, asegur\u00f3 el jefe de Estado en su discurso en la puerta del Complejo Penitenciario de Ezeiza.<\/p>\n<p>Y afirm\u00f3: &#8220;Hay que tener penas m\u00e1s duras, que apliquen a quien corresponden, que los juicios se hagan r\u00e1pido y que los delincuentes cumplan la condena donde corresponde: en la c\u00e1rcel, para que los argentinos de bien puedan volver a vivir en libertad\u201c.<\/p>\n<p class=\"paragraph\" data-mrf-recirculation=\"Links inline\">&#8220;La sociedad me pidi\u00f3 terminar con el flagelo de la inseguridad. Dentro de la ley terminamos con los piquetes, fuimos contra el narcotr\u00e1fico, reequipamos a las fuerzas y bajamos la tasa de homicidios a nivel nacional&#8221;, dijo.<\/p>\n<p class=\"paragraph\" data-mrf-recirculation=\"Links inline\">En ese marco, continu\u00f3: \u201c<b>Para que la gente est\u00e9 de nuevo segura, necesitamos cambiar el sistema de fondos, porque a\u00f1os de garantismo se encarg\u00f3 de atarles las manos a las fuerzas, jueces y fiscales, mientras le daban v\u00eda libre a los delincuentes<\/b><b>\u201c<\/b>.<\/p>\n<p class=\"paragraph\" data-mrf-recirculation=\"Links inline\">&#8220;Si logramos aprobar estas reformas, quienes delinquen la van a pagar en serio. Y los argentinos van a vivir en una sociedad m\u00e1s seguridad\u201c, remarc\u00f3 Milei, que posteriormente se inclin\u00f3 por anticiparse a las elecciones del pr\u00f3ximo 26 de octubre.<\/p>\n<p class=\"paragraph\" data-mrf-recirculation=\"Links inline\">Justamente, sostuvo: &#8220;<b>Que se implementen o no, dependen del Congreso de la Naci\u00f3n <\/b>y de quienes est\u00e9n sentados en las butacas, tengan la vocaci\u00f3n de ponerse del lado de las v\u00edctimas. <b>El pa\u00eds necesita diputados y senadores que comprenden esto<\/b>. Si aprobamos esta reforma, la seguridad va a cambiar en serio&#8221;.<\/p>\n<div class=\"headline-wrapper\">\n<h2 class=\"header headline-class-h2\">Qu\u00e9 dice el proyecto del nuevo C\u00f3digo Penal<\/h2>\n<\/div>\n<p class=\"paragraph\" data-mrf-recirculation=\"Links inline\">La iniciativa de <b>reforma del C\u00f3digo Penal<\/b>presentada ante el Congreso impulsa un marco de <b>tolerancia cero<\/b> frente al delito, proponiendo el endurecimiento generalizado de penas, la supresi\u00f3n de beneficios para condenados y la agilizaci\u00f3n de los procedimientos penales mediante la implementaci\u00f3n del sistema <b>acusatorio<\/b>.<\/p>\n<p class=\"paragraph\" data-mrf-recirculation=\"Links inline\">Entre los principales aspectos del proyecto se destaca el aumento de los l\u00edmites m\u00ednimos y m\u00e1ximos de prisi\u00f3n en una amplia variedad de delitos, as\u00ed como la creaci\u00f3n de figuras agravadas y tipificaciones espec\u00edficas para nuevas modalidades delictivas. Las modificaciones contemplan los siguientes ajustes en materia de penas:<\/p>\n<ul class=\"list\" data-icon=\"\u2b24\">\n<li data-icon=\"\u2b24\"><b>Homicidio simple:<\/b> pasa de 8-25 a\u00f1os a 10-30 a\u00f1os de prisi\u00f3n.<\/li>\n<li data-icon=\"\u2b24\"><b>Homicidio agravado:<\/b> mantiene la prisi\u00f3n perpetua, e incorpora circunstancias agravantes como v\u00edctimas menores de edad, adultos mayores, funcionarios p\u00fablicos y cr\u00edmenes en lugares concurridos o cometidos por organizaciones.<\/li>\n<li data-icon=\"\u2b24\"><b>Lesiones leves:<\/b> de 1 mes-1 a\u00f1o a 1-3 a\u00f1os.<\/li>\n<li data-icon=\"\u2b24\"><b>Lesiones por conducci\u00f3n imprudente:<\/b> el rango pasa de 1-3 a\u00f1os (simple) y 2-4 a\u00f1os (agravada) a 2-6 a\u00f1os y 3-6 a\u00f1os, respectivamente.<\/li>\n<li data-icon=\"\u2b24\"><b>Abuso de armas:<\/b> disparar sin herir puede alcanzar hasta 6 a\u00f1os; agresi\u00f3n sin herida de 1 a 3 a\u00f1os.<\/li>\n<li data-icon=\"\u2b24\"><b>Omisi\u00f3n de auxilio:<\/b> de multa a 1-6 a\u00f1os de prisi\u00f3n, y agravada a 2-8 a\u00f1os para casos con v\u00edctimas menores de 13 o mayores de 65 a\u00f1os.<\/li>\n<li data-icon=\"\u2b24\"><b>Injurias:<\/b> de multa a 1-3 a\u00f1os de prisi\u00f3n, y en forma agravada de 2 a 6 a\u00f1os.<\/li>\n<li data-icon=\"\u2b24\"><b>Pornograf\u00eda infantil:<\/b> de 3-6 a\u00f1os a 3-9 a\u00f1os, con agravantes que elevan el m\u00ednimo a 4 a\u00f1os.<\/li>\n<li data-icon=\"\u2b24\"><b>Posesi\u00f3n de pornograf\u00eda infantil para distribuci\u00f3n:<\/b> de 6 meses-2 a\u00f1os a 3-12 a\u00f1os.<\/li>\n<li data-icon=\"\u2b24\"><b>Privaci\u00f3n ilegal de la libertad:<\/b> de 6 meses-3 a\u00f1os a 1-4 a\u00f1os.<\/li>\n<li data-icon=\"\u2b24\"><b>Trata de personas:<\/b> la pena m\u00e1xima sube de 8 a 10 a\u00f1os; en su modalidad agravada, de 5-10 a 6-15 a\u00f1os.<\/li>\n<li data-icon=\"\u2b24\"><b>Amenazas:<\/b> pueden agravarse hasta 8 a\u00f1os en caso de mediar armas o anonimato y hasta 10 a\u00f1os si buscan forzar conductas.<\/li>\n<li data-icon=\"\u2b24\"><b>Hurto:<\/b> el m\u00ednimo sube de 1 mes a 1 a\u00f1o y el m\u00e1ximo de 2 a 3 a\u00f1os.<\/li>\n<li data-icon=\"\u2b24\"><b>Robo:<\/b> el simple con fuerza pasa de 1 mes-6 a\u00f1os a 3-8 a\u00f1os; con violencia, hasta 10 a\u00f1os; se introducen figuras diferenciadas para robos en la v\u00eda p\u00fablica y cometidos por \u201cmotochorros\u201d.<\/li>\n<li data-icon=\"\u2b24\"><b>Estafa:<\/b> de 1 mes-6 a\u00f1os a 1-8 a\u00f1os y multa.<\/li>\n<li data-icon=\"\u2b24\"><b>Usurpaci\u00f3n:<\/b> de 6 meses-3 a\u00f1os a 3-10 a\u00f1os y multa; agravada, hasta 12 a\u00f1os.<\/li>\n<li data-icon=\"\u2b24\"><b>Agresiones en manifestaciones:<\/b> de 2 a 5 a\u00f1os; si el ataque es contra un funcionario o miembro de fuerzas de seguridad, de 3 a 9 a\u00f1os.<\/li>\n<li data-icon=\"\u2b24\"><b>Tenencia y portaci\u00f3n de armas:<\/b> se contemplan incrementos y multas superiores.<\/li>\n<li data-icon=\"\u2b24\"><b>Falso testimonio y cohecho:<\/b> reciben penas superiores, con agravantes para altos funcionarios.<\/li>\n<li data-icon=\"\u2b24\">\n<p class=\"paragraph\" data-mrf-recirculation=\"Links inline\">El cap\u00edtulo sobre responsabilidad penal de menores introduce la <b>reducci\u00f3n de la edad de imputabilidad<\/b> de 16 a 13 a\u00f1os, fundamentando que los adolescentes comprenden la criminalidad de sus actos y que la legislaci\u00f3n vigente favorece su captaci\u00f3n por grupos criminales.<\/p>\n<p class=\"paragraph\" data-mrf-recirculation=\"Links inline\">Finalmente, el texto proyecta la <b>implementaci\u00f3n obligatoria del sistema acusatorio<\/b>, en reemplazo del modelo inquisitivo tradicional, con el objetivo de agilizar los procesos penales y asegurar mayor transparencia. El nuevo esquema otorga al fiscal la funci\u00f3n de investigar y acusar, al imputado la posibilidad de defensa plena y al juez la de actuar exclusivamente como \u00e1rbitro<\/p>\n<\/li>\n<\/ul>\n","protected":false},"excerpt":{"rendered":"<p>El presidente particip\u00f3 de un acto junto a la ministra de Seguridad, Patricia Bullrich, en el Complejo Penitenciario de Ezeiza. Qu\u00e9 dice el proyecto que enviar\u00e1n al Congreso de la Naci\u00f3n. \u201cComo parte de nuestro objetivo de hacer grande a la Argentina nuevamente, el orden es una precondici\u00f3n. Y por eso necesitamos tolerancia cero, porque [&hellip;]<\/p>\n","protected":false},"author":2,"featured_media":4642,"comment_status":"open","ping_status":"open","sticky":false,"template":"","format":"standard","meta":{"footnotes":""},"categories":[22,27],"tags":[],"class_list":{"0":"post-4641","1":"post","2":"type-post","3":"status-publish","4":"format-standard","5":"has-post-thumbnail","7":"category-nacionales","8":"category-policiales"},"aioseo_notices":[],"_links":{"self":[{"href":"https:\/\/elfaroonline.com.ar\/index.php\/wp-json\/wp\/v2\/posts\/4641","targetHints":{"allow":["GET"]}}],"collection":[{"href":"https:\/\/elfaroonline.com.ar\/index.php\/wp-json\/wp\/v2\/posts"}],"about":[{"href":"https:\/\/elfaroonline.com.ar\/index.php\/wp-json\/wp\/v2\/types\/post"}],"author":[{"embeddable":true,"href":"https:\/\/elfaroonline.com.ar\/index.php\/wp-json\/wp\/v2\/users\/2"}],"replies":[{"embeddable":true,"href":"https:\/\/elfaroonline.com.ar\/index.php\/wp-json\/wp\/v2\/comments?post=4641"}],"version-history":[{"count":1,"href":"https:\/\/elfaroonline.com.ar\/index.php\/wp-json\/wp\/v2\/posts\/4641\/revisions"}],"predecessor-version":[{"id":4643,"href":"https:\/\/elfaroonline.com.ar\/index.php\/wp-json\/wp\/v2\/posts\/4641\/revisions\/4643"}],"wp:featuredmedia":[{"embeddable":true,"href":"https:\/\/elfaroonline.com.ar\/index.php\/wp-json\/wp\/v2\/media\/4642"}],"wp:attachment":[{"href":"https:\/\/elfaroonline.com.ar\/index.php\/wp-json\/wp\/v2\/media?parent=4641"}],"wp:term":[{"taxonomy":"category","embeddable":true,"href":"https:\/\/elfaroonline.com.ar\/index.php\/wp-json\/wp\/v2\/categories?post=4641"},{"taxonomy":"post_tag","embeddable":true,"href":"https:\/\/elfaroonline.com.ar\/index.php\/wp-json\/wp\/v2\/tags?post=4641"}],"curies":[{"name":"wp","href":"https:\/\/api.w.org\/{rel}","templated":true}]}}