{"id":4648,"date":"2025-10-09T17:22:48","date_gmt":"2025-10-09T20:22:48","guid":{"rendered":"https:\/\/elfaroonline.com.ar\/?p=4648"},"modified":"2025-10-09T17:22:48","modified_gmt":"2025-10-09T20:22:48","slug":"tienda-cata-para-comprar-autenticas-artesanias-catamarquenas","status":"publish","type":"post","link":"https:\/\/elfaroonline.com.ar\/index.php\/2025\/10\/09\/tienda-cata-para-comprar-autenticas-artesanias-catamarquenas\/","title":{"rendered":"Tienda CATA, para comprar aut\u00e9nticas artesan\u00edas catamarque\u00f1as"},"content":{"rendered":"<p class=\"v1MsoNormal\">Entre la gran variedad de propuestas que ofrece el Centro de Arte y Tecnolog\u00eda Aplicada, CATA, ubicado en la esquina de Rep\u00fablica y Sarmiento de la ciudad capital de Catamarca, se puede encontrar &#8220;Tienda CATA&#8221;, un anexo del Mercado Artesanal del Predio Ferial.<\/p>\n<p class=\"v1MsoNormal\">\n<p class=\"v1MsoNormal\">CATA ofrece un espacio donde se pueden encontrar aut\u00e9nticas artesan\u00edas catamarque\u00f1as de distintos rubros, adem\u00e1s de vinos, dulces y confituras, convirti\u00e9ndose en una vidriera para los artesanos y artesanas locales, jerarquizando sus producciones en un lugar estrat\u00e9gico en pleno casco c\u00e9ntrico de la ciudad, frente a la plaza 25 de mayo, y a metros de lugares ic\u00f3nicos como la Catedral, el Museo de la Virgen del Valle y la Casa de la Cultura.<\/p>\n<p class=\"v1MsoNormal\">\n<p class=\"v1MsoNormal\">Este lugar, que funciona de martes a viernes de 9 a 14 horas, se convierte en una visita obligada para quienes desean llevarse un recuerdo aut\u00e9ntico de la provincia y apoyar a los artesanos locales.<\/p>\n<p class=\"v1MsoNormal\">\n<p class=\"v1MsoNormal\"><b>Sobre CATA<\/b><\/p>\n<p class=\"v1MsoNormal\">\n<p class=\"v1MsoNormal\">Con la puesta en valor del edificio de la hist\u00f3rica Casa de Gobierno, obra del arquitecto milan\u00e9s Luis Caravati que data de 1859, la capital provincial sum\u00f3 un nuevo atractivo cultural y tur\u00edstico que se inscribe en un circuito tur\u00edstico-patrimonial de gran valor.<\/p>\n<p class=\"v1MsoNormal\">\n<p class=\"v1MsoNormal\">CATA no es un museo tradicional, es un centro cultural din\u00e1mico que propone un recorrido inmersivo por la identidad de Catamarca a trav\u00e9s de sus principales manifestaciones culturales, productivas y tur\u00edsticas, sumando adem\u00e1s una Oficina de Informaci\u00f3n Tur\u00edstica de la Provincia, un bar restaurante, y salas dedicadas a la miner\u00eda, mitolog\u00eda, arquitectura y arte contempor\u00e1neo, articuladas entre s\u00ed donde la tecnolog\u00eda potencia la experiencia sensorial y la participaci\u00f3n del visitante.<\/p>\n","protected":false},"excerpt":{"rendered":"<p>Entre la gran variedad de propuestas que ofrece el Centro de Arte y Tecnolog\u00eda Aplicada, CATA, ubicado en la esquina de Rep\u00fablica y Sarmiento de la ciudad capital de Catamarca, se puede encontrar &#8220;Tienda CATA&#8221;, un anexo del Mercado Artesanal del Predio Ferial. CATA ofrece un espacio donde se pueden encontrar aut\u00e9nticas artesan\u00edas catamarque\u00f1as de [&hellip;]<\/p>\n","protected":false},"author":2,"featured_media":4649,"comment_status":"open","ping_status":"open","sticky":false,"template":"","format":"standard","meta":{"footnotes":""},"categories":[20],"tags":[],"class_list":{"0":"post-4648","1":"post","2":"type-post","3":"status-publish","4":"format-standard","5":"has-post-thumbnail","7":"category-sociedad"},"aioseo_notices":[],"_links":{"self":[{"href":"https:\/\/elfaroonline.com.ar\/index.php\/wp-json\/wp\/v2\/posts\/4648","targetHints":{"allow":["GET"]}}],"collection":[{"href":"https:\/\/elfaroonline.com.ar\/index.php\/wp-json\/wp\/v2\/posts"}],"about":[{"href":"https:\/\/elfaroonline.com.ar\/index.php\/wp-json\/wp\/v2\/types\/post"}],"author":[{"embeddable":true,"href":"https:\/\/elfaroonline.com.ar\/index.php\/wp-json\/wp\/v2\/users\/2"}],"replies":[{"embeddable":true,"href":"https:\/\/elfaroonline.com.ar\/index.php\/wp-json\/wp\/v2\/comments?post=4648"}],"version-history":[{"count":1,"href":"https:\/\/elfaroonline.com.ar\/index.php\/wp-json\/wp\/v2\/posts\/4648\/revisions"}],"predecessor-version":[{"id":4650,"href":"https:\/\/elfaroonline.com.ar\/index.php\/wp-json\/wp\/v2\/posts\/4648\/revisions\/4650"}],"wp:featuredmedia":[{"embeddable":true,"href":"https:\/\/elfaroonline.com.ar\/index.php\/wp-json\/wp\/v2\/media\/4649"}],"wp:attachment":[{"href":"https:\/\/elfaroonline.com.ar\/index.php\/wp-json\/wp\/v2\/media?parent=4648"}],"wp:term":[{"taxonomy":"category","embeddable":true,"href":"https:\/\/elfaroonline.com.ar\/index.php\/wp-json\/wp\/v2\/categories?post=4648"},{"taxonomy":"post_tag","embeddable":true,"href":"https:\/\/elfaroonline.com.ar\/index.php\/wp-json\/wp\/v2\/tags?post=4648"}],"curies":[{"name":"wp","href":"https:\/\/api.w.org\/{rel}","templated":true}]}}