{"id":4651,"date":"2025-10-09T17:25:19","date_gmt":"2025-10-09T20:25:19","guid":{"rendered":"https:\/\/elfaroonline.com.ar\/?p=4651"},"modified":"2025-10-09T17:25:19","modified_gmt":"2025-10-09T20:25:19","slug":"agenda-de-actividades-para-el-fin-de-semana-largo-de-octubre","status":"publish","type":"post","link":"https:\/\/elfaroonline.com.ar\/index.php\/2025\/10\/09\/agenda-de-actividades-para-el-fin-de-semana-largo-de-octubre\/","title":{"rendered":"Agenda de actividades para el fin de semana largo de octubre"},"content":{"rendered":"<p dir=\"ltr\">Catamarca se prepara para recibir un nuevo fin de semana largo del jueves 9 al domingo 12 de octubre, con una agenda cargada de propuestas culturales en pe\u00f1as, fiestas y festivales. Adem\u00e1s, en distintos destinos de la provincia habr\u00e1 ferias y actividades de turismo activo para todos los p\u00fablicos.<\/p>\n<p>&nbsp;<\/p>\n<p dir=\"ltr\">En el Ecoparque El Jumeal en Capital, desde el jueves hasta el domingo 12 a partir de las 9 hs habr\u00e1 trekking, escalada y rapel, y senderismo guiado en la Quebrada el jueves\u00a0 9, a las 15.30 hs en el Pueblo Perdido de La Quebrada. El s\u00e1bado en El Rodeo habr\u00e1 una salida de trekking al Nogal Marcado, con punto de partida desde la Municipalidad a las 8 hs, y el s\u00e1bado y domingo desde las 16 hs se desarrollar\u00e1 la Feria de Primavera en la Plaza de los Ni\u00f1os.<\/p>\n<p>&nbsp;<\/p>\n<p dir=\"ltr\">El jueves a las 18:30 hs., en el microcine de Pacl\u00edn se proyectar\u00e1 la novela &#8220;El \u00faltimo pasajero&#8221;. En el Cine Teatro Catamarca a las 19 horas, el p\u00fablico infantil ser\u00e1 protagonista con &#8220;Aprendamos explorando. Nuevo show del explorador&#8221;, un espect\u00e1culo musical que llega en el marco de una exitosa gira nacional. Y a las 21 hs se realizar\u00e1 la pe\u00f1a La Catamarque\u00f1a en el Complejo UTA.<\/p>\n<p>&nbsp;<\/p>\n<p dir=\"ltr\">La Fiesta de la Cerveza, organizada por la C\u00e1mara de Cerveceros de la provincia, vivir\u00e1 su cuarta edici\u00f3n del 9 al 11 de octubre, desde las 20hs. en el Predio Ferial Catamarca, con una grilla de artistas locales, juegos y propuestas gastron\u00f3micas. Los d\u00edas 10, 11 y 12 en el Camping Municipal de la Capital se realizar\u00e1 el 3\u00b0 Encuentro de Moteros que promete una gran convocatoria.<\/p>\n<p>&nbsp;<\/p>\n<p dir=\"ltr\">El viernes 10, desde las 10 hs se realizar\u00e1 la actividad &#8220;Descubriendo a la Rata Vizcacha Dorada&#8221;, experiencia educativa sobre biodiversidad local en la Plaza 9 de Julio de Andalgal\u00e1. En Pacl\u00edn, desde las 9 hs habr\u00e1 senderismo, retiros, cabalgatas y una pe\u00f1a estable para cerrar la jornada.<\/p>\n<p>&nbsp;<\/p>\n<p dir=\"ltr\">En la Capital habr\u00e1 talleres de cer\u00e1mica y gastronom\u00eda en el Pueblo Perdido de la Quebrada, la feria de dise\u00f1o en la Casa de la Puna, y la propuesta musical Jaruma! con Ayllu Coquena y Nacho Andrada.<\/p>\n<p>&nbsp;<\/p>\n<p dir=\"ltr\">A las 19:30 hs., en el segundo patio del Centro de Arte y Tecnolog\u00eda Aplicada (CATA), en la esquina de las calles Sarmiento y Rep\u00fablica, se proyectar\u00e1 la pel\u00edcula &#8220;Muchacho&#8221;, en el marco del Ciclo de Cine: Sandro 80 a\u00f1os, organizado por el Ministerio de Cultura, Turismo y Deporte de la Provincia.<\/p>\n<p>&nbsp;<\/p>\n<p dir=\"ltr\">El s\u00e1bado 11 de octubre de 17 a 19.30 hs se realizar\u00e1 el taller de arte itinerante de cer\u00e1mica y mosaiquismo en el Museo del Sabor, en Tinogasta. El mismo d\u00eda, a las 21 hs., el Cine Teatro Catamarca se viste de gala con &#8220;H\u00e9roe: Cinema L\u00edrico&#8221;, un espect\u00e1culo potente que une l\u00edrico pop, m\u00fasica en vivo y pantallas gigantes, con la emotividad de la voz del tr\u00edo H\u00e9roe L\u00edrico Pop.<\/p>\n<p>&nbsp;<\/p>\n<p dir=\"ltr\">A las 22 hs., la Cooperativa Cachalahueca presenta &#8220;Latido Reggae bajo las estrellas&#8221;, con la cantante Sol Margueliche en formato sound system, invitados locales que recorrer\u00e1n el rock, jazz, funk y soul, y Mar Selecta, que pondr\u00e1 en escena lo mejor del reggae roots y dancehall. (Reservas hasta el 10 de octubre al <a href=\"tel:383 405-7751\">383 405-7751<\/a>).<\/p>\n<p>&nbsp;<\/p>\n<p dir=\"ltr\">Ese mismo s\u00e1bado, en la Cuesta de Capillitas, a la altura del kil\u00f3metro 28, en Andalgal\u00e1, se vivir\u00e1 una experiencia \u00fanica: una noche de astroturismo, con observaciones astron\u00f3micas guiadas bajo un cielo imponente. Desde las 22 hs, en el Atl\u00e9tico Racing Club, se llevar\u00e1 a cabo la Pe\u00f1a Aniversario Agrupaci\u00f3n El Malambo; a la misma hora habr\u00e1 un show Tributo a Gustavo Cerati en el Jard\u00edn Primitivo.<\/p>\n<p>&nbsp;<\/p>\n<p dir=\"ltr\">El s\u00e1bado 11 de octubre, de 15 a 18 hs, en la plaza principal de Catamarca se realizar\u00e1 la &#8220;Carrera de Mozos, Camareras y la Competencia de Mucamas&#8221;, con la competencia que pone a prueba a los mejores del rubro gastron\u00f3mico y hotelero. Habr\u00e1 importantes premios y una tarde para disfrutar en familia con m\u00fasica y muchas sorpresas.<\/p>\n<p>&nbsp;<\/p>\n<p dir=\"ltr\">El domingo 12, desde las 10 de la ma\u00f1ana, el Camping Municipal de Santa Mar\u00eda ser\u00e1 sede del 1\u00ba Festival del Asado a la Estaca y Vinos de Altura, una fiesta de sabores, tradici\u00f3n y m\u00fasica. Los asistentes podr\u00e1n disfrutar de asado con cortes seleccionados y vinos catamarque\u00f1os.<\/p>\n<p>&nbsp;<\/p>\n<p dir=\"ltr\">Mientras tanto, en Pacl\u00edn, se llevar\u00e1 a cabo el &#8220;Desaf\u00edo Los Dos Lagos&#8221;, una experiencia de aventura en el entorno natural de La Vi\u00f1a. Por la tarde, contin\u00faa la cabalgata guiada por la Finca Pacl\u00edn Viejo, para cerrar el fin de semana entre cerros y senderos.<\/p>\n<p>&nbsp;<\/p>\n<p dir=\"ltr\">El domingo 12 de octubre a las 17hs en la plaza Bernab\u00e9 Araoz, en La Puerta se llevar\u00e1 a cabo una nueva edici\u00f3n de &#8220;Tradiciones ambate\u00f1as&#8221; con stand de artesanos, degustaci\u00f3n de comidas tradicionales: tortillas, membrillo, mazamorra, charqui y nueces confitadas, ballet de danzas y artistas locales.<\/p>\n","protected":false},"excerpt":{"rendered":"<p>Catamarca se prepara para recibir un nuevo fin de semana largo del jueves 9 al domingo 12 de octubre, con una agenda cargada de propuestas culturales en pe\u00f1as, fiestas y festivales. Adem\u00e1s, en distintos destinos de la provincia habr\u00e1 ferias y actividades de turismo activo para todos los p\u00fablicos. &nbsp; En el Ecoparque El Jumeal [&hellip;]<\/p>\n","protected":false},"author":2,"featured_media":4652,"comment_status":"open","ping_status":"open","sticky":false,"template":"","format":"standard","meta":{"footnotes":""},"categories":[23,20],"tags":[],"class_list":{"0":"post-4651","1":"post","2":"type-post","3":"status-publish","4":"format-standard","5":"has-post-thumbnail","7":"category-destacados","8":"category-sociedad"},"aioseo_notices":[],"_links":{"self":[{"href":"https:\/\/elfaroonline.com.ar\/index.php\/wp-json\/wp\/v2\/posts\/4651","targetHints":{"allow":["GET"]}}],"collection":[{"href":"https:\/\/elfaroonline.com.ar\/index.php\/wp-json\/wp\/v2\/posts"}],"about":[{"href":"https:\/\/elfaroonline.com.ar\/index.php\/wp-json\/wp\/v2\/types\/post"}],"author":[{"embeddable":true,"href":"https:\/\/elfaroonline.com.ar\/index.php\/wp-json\/wp\/v2\/users\/2"}],"replies":[{"embeddable":true,"href":"https:\/\/elfaroonline.com.ar\/index.php\/wp-json\/wp\/v2\/comments?post=4651"}],"version-history":[{"count":1,"href":"https:\/\/elfaroonline.com.ar\/index.php\/wp-json\/wp\/v2\/posts\/4651\/revisions"}],"predecessor-version":[{"id":4653,"href":"https:\/\/elfaroonline.com.ar\/index.php\/wp-json\/wp\/v2\/posts\/4651\/revisions\/4653"}],"wp:featuredmedia":[{"embeddable":true,"href":"https:\/\/elfaroonline.com.ar\/index.php\/wp-json\/wp\/v2\/media\/4652"}],"wp:attachment":[{"href":"https:\/\/elfaroonline.com.ar\/index.php\/wp-json\/wp\/v2\/media?parent=4651"}],"wp:term":[{"taxonomy":"category","embeddable":true,"href":"https:\/\/elfaroonline.com.ar\/index.php\/wp-json\/wp\/v2\/categories?post=4651"},{"taxonomy":"post_tag","embeddable":true,"href":"https:\/\/elfaroonline.com.ar\/index.php\/wp-json\/wp\/v2\/tags?post=4651"}],"curies":[{"name":"wp","href":"https:\/\/api.w.org\/{rel}","templated":true}]}}