{"id":4654,"date":"2025-10-09T17:27:33","date_gmt":"2025-10-09T20:27:33","guid":{"rendered":"https:\/\/elfaroonline.com.ar\/?p=4654"},"modified":"2025-10-09T17:27:33","modified_gmt":"2025-10-09T20:27:33","slug":"la-17a-feria-del-libro-de-catamarca-sera-en-cata-del-6-al-9-de-noviembre","status":"publish","type":"post","link":"https:\/\/elfaroonline.com.ar\/index.php\/2025\/10\/09\/la-17a-feria-del-libro-de-catamarca-sera-en-cata-del-6-al-9-de-noviembre\/","title":{"rendered":"La 17\u00aa Feria del Libro de Catamarca ser\u00e1 en CATA del 6 al 9 de noviembre"},"content":{"rendered":"<p class=\"v1MsoNormal\"><span lang=\"ES\">El flamante Centro de Arte y Tecnolog\u00eda Aplicada (CATA) recientemente inaugurado en la hist\u00f3rica Casa de Gobierno, ser\u00e1 el espacio que albergar\u00e1 este a\u00f1o la 17\u00ba edici\u00f3n de la Feria Provincial del Libro que, con organizaci\u00f3n del Ministerio de Cultura, Turismo y Deporte de Catamarca, se realizar\u00e1 del 6 al 9 de noviembre.<\/span><\/p>\n<p class=\"v1MsoNormal\"><span lang=\"ES\">&#8220;Los libros, portales infinitos&#8221; es el lema que acompa\u00f1a la edici\u00f3n 2025 de la feria, que ya es un cl\u00e1sico encuentro entre autores y lectores. Como todos los a\u00f1os, habr\u00e1 stands de editoriales y libreros catamarque\u00f1os y tambi\u00e9n de otras provincias, as\u00ed como espacios para charlas, presentaciones de libros y otras propuestas vinculadas al mundo de la lectura.<\/span><\/p>\n<p class=\"v1MsoNormal\"><span lang=\"ES\">&#8220;Realizar esta edici\u00f3n de la Feria del Libro en CATA invita a seguir descubriendo y reafirmando qui\u00e9nes somos, no solo a trav\u00e9s del arte y la tecnolog\u00eda que propone este espacio, sino tambi\u00e9n a partir de las voces de nuestros escritores, investigadores y poetas&#8221;, indic\u00f3 la ministra de Cultura, Turismo y Deporte, Daiana Rold\u00e1n, quien adem\u00e1s resalt\u00f3 que de esta forma CATA inicia una programaci\u00f3n m\u00e1s din\u00e1mica de propuestas vinculadas a la cultura.<\/span><\/p>\n<p class=\"v1MsoNormal\"><span lang=\"ES\">\u00a0<\/span><\/p>\n<p class=\"v1MsoNormal\"><b><span lang=\"ES\">Los libros, portales infinitos<\/span><\/b><\/p>\n<p class=\"v1MsoNormal\"><span lang=\"ES\">El lema de la feria &#8220;Los libros, portales infinitos&#8221; tiene su anclaje en la imagen dise\u00f1ada para acompa\u00f1ar esta edici\u00f3n, representada con un libro abierto en estado de transformaci\u00f3n, con p\u00e1ginas que se fragmentan y evocan pixeles. <\/span><\/p>\n<p class=\"v1MsoNormal\"><span lang=\"ES\">Esta met\u00e1fora refleja c\u00f3mo la lectura trasciende los l\u00edmites del papel, asume formas digitales y promueve conocimientos que se convierten en puertas a otros mundos, ideas y universos posibles.<\/span><\/p>\n<p class=\"v1MsoNormal\"><span lang=\"ES\">La idea de portal, desde el punto de vista arquitect\u00f3nico, tambi\u00e9n invita a entrar. Las puertas de CATA se abren para recibir a autores y lectores, y tambi\u00e9n para que conozcan sus salas, que proponen un viaje por la historia y la cultura de Catamarca.<\/span><\/p>\n","protected":false},"excerpt":{"rendered":"<p>El flamante Centro de Arte y Tecnolog\u00eda Aplicada (CATA) recientemente inaugurado en la hist\u00f3rica Casa de Gobierno, ser\u00e1 el espacio que albergar\u00e1 este a\u00f1o la 17\u00ba edici\u00f3n de la Feria Provincial del Libro que, con organizaci\u00f3n del Ministerio de Cultura, Turismo y Deporte de Catamarca, se realizar\u00e1 del 6 al 9 de noviembre. &#8220;Los libros, [&hellip;]<\/p>\n","protected":false},"author":2,"featured_media":4655,"comment_status":"open","ping_status":"open","sticky":false,"template":"","format":"standard","meta":{"footnotes":""},"categories":[20],"tags":[],"class_list":{"0":"post-4654","1":"post","2":"type-post","3":"status-publish","4":"format-standard","5":"has-post-thumbnail","7":"category-sociedad"},"aioseo_notices":[],"_links":{"self":[{"href":"https:\/\/elfaroonline.com.ar\/index.php\/wp-json\/wp\/v2\/posts\/4654","targetHints":{"allow":["GET"]}}],"collection":[{"href":"https:\/\/elfaroonline.com.ar\/index.php\/wp-json\/wp\/v2\/posts"}],"about":[{"href":"https:\/\/elfaroonline.com.ar\/index.php\/wp-json\/wp\/v2\/types\/post"}],"author":[{"embeddable":true,"href":"https:\/\/elfaroonline.com.ar\/index.php\/wp-json\/wp\/v2\/users\/2"}],"replies":[{"embeddable":true,"href":"https:\/\/elfaroonline.com.ar\/index.php\/wp-json\/wp\/v2\/comments?post=4654"}],"version-history":[{"count":1,"href":"https:\/\/elfaroonline.com.ar\/index.php\/wp-json\/wp\/v2\/posts\/4654\/revisions"}],"predecessor-version":[{"id":4656,"href":"https:\/\/elfaroonline.com.ar\/index.php\/wp-json\/wp\/v2\/posts\/4654\/revisions\/4656"}],"wp:featuredmedia":[{"embeddable":true,"href":"https:\/\/elfaroonline.com.ar\/index.php\/wp-json\/wp\/v2\/media\/4655"}],"wp:attachment":[{"href":"https:\/\/elfaroonline.com.ar\/index.php\/wp-json\/wp\/v2\/media?parent=4654"}],"wp:term":[{"taxonomy":"category","embeddable":true,"href":"https:\/\/elfaroonline.com.ar\/index.php\/wp-json\/wp\/v2\/categories?post=4654"},{"taxonomy":"post_tag","embeddable":true,"href":"https:\/\/elfaroonline.com.ar\/index.php\/wp-json\/wp\/v2\/tags?post=4654"}],"curies":[{"name":"wp","href":"https:\/\/api.w.org\/{rel}","templated":true}]}}