{"id":4660,"date":"2025-10-09T17:33:12","date_gmt":"2025-10-09T20:33:12","guid":{"rendered":"https:\/\/elfaroonline.com.ar\/?p=4660"},"modified":"2025-10-09T17:33:12","modified_gmt":"2025-10-09T20:33:12","slug":"vinos-catamarquenos-se-abren-paso-en-el-mercado-internacional","status":"publish","type":"post","link":"https:\/\/elfaroonline.com.ar\/index.php\/2025\/10\/09\/vinos-catamarquenos-se-abren-paso-en-el-mercado-internacional\/","title":{"rendered":"Vinos catamarque\u00f1os se abren paso en el mercado internacional"},"content":{"rendered":"<p class=\"v1MsoNormal\">Las bodegas Michango, Hualf\u00edn y Puesto del Marqu\u00e9s representaron a Catamarca en el Primer Sal\u00f3n de Vinos Argentinos realizado en el exclusivo Hotel Forbes de Madrid, Espa\u00f1a, un evento que reuni\u00f3 a las etiquetas m\u00e1s reconocidas del pa\u00eds y marc\u00f3 un nuevo hito para la vitivinicultura nacional.<\/p>\n<p class=\"v1MsoNormal\">Organizado con el apoyo de la Embajada Argentina en Espa\u00f1a, el encuentro congreg\u00f3 a m\u00e1s de 30 bodegas de distintas regiones del pa\u00eds, entre ellas nombres de peso como El Enemigo, Colom\u00e9, Trapiche, Zuccardi y El Esteco, que presentaron lo mejor de sus producciones ante un p\u00fablico especializado compuesto por sommeliers, importadores, distribuidores, prensa y referentes del sector. La apertura estuvo encabezada por el embajador argentino en Espa\u00f1a, Wenceslao Bunge.<\/p>\n<p class=\"v1MsoNormal\">La participaci\u00f3n de los bodegueros catamarque\u00f1os en Madrid pudo concretarse con el apoyo del Consejo Federal de Inversiones (CFI), y cont\u00f3 con la participaci\u00f3n de funcionarios del Ministerio de Desarrollo Productivo.<\/p>\n<p class=\"v1MsoNormal\">Oscar Andreatta, propietario de la bodega Michango, calific\u00f3 la experiencia como &#8220;sumamente positiva&#8221; y destac\u00f3 que &#8220;fue un evento impecable, con mucha gente del mundo del vino, muy conocedora. Nos sorprendi\u00f3 el inter\u00e9s que gener\u00f3 Catamarca, una provincia que todav\u00eda no est\u00e1 a nivel internacional como Mendoza o Salta, pero que empieza a hacerse su lugar&#8221;, destac\u00f3.<\/p>\n<p class=\"v1MsoNormal\">El empresario consider\u00f3 que la participaci\u00f3n de bodegas catamarque\u00f1as en una feria de este nivel es un paso fundamental para construir la marca Catamarca dentro del mapa vitivin\u00edcola global. &#8220;Nos fueron a buscar porque quer\u00edan que Catamarca estuviera presente. Eso demuestra que el mercado empieza a reconocer nuestro potencial y nos da un espacio que debemos consolidar&#8221;, se\u00f1al\u00f3 Andreatta.<\/p>\n<p class=\"v1MsoNormal\">De cara al futuro, el bodeguero remarc\u00f3 que el desaf\u00edo ser\u00e1 mantener la presencia internacional y seguir fortaleciendo el posicionamiento de la provincia como nuevo destino enotur\u00edstico y productor de vinos de altura. &#8220;El mundo est\u00e1 buscando cosas distintas, regiones nuevas por descubrir. Y ah\u00ed est\u00e1 nuestra gran oportunidad&#8221;, concluy\u00f3.<\/p>\n<p class=\"v1MsoNormal\"><b>Potencial vitivin\u00edcola<\/b><\/p>\n<p class=\"v1MsoNormal\">M\u00e1s de una treintena de bodegas argentinas presentaron sus etiquetas en la capital espa\u00f1ola, con una oferta que fue desde el cl\u00e1sico Malbec, cepa insignia del pa\u00eds, hasta vinos de altura, Cabernet Franc, Bonarda, Torront\u00e9s y variedades blancas como Chardonnay y Pinot Noir.<\/p>\n<p class=\"v1MsoNormal\">Los asistentes pudieron recorrer los stands de todas las regiones vitivin\u00edcolas argentinas, desde los vi\u00f1edos de altura en Salta y Catamarca, pasando por el coraz\u00f3n mendocino, hasta llegar a la Patagonia, reconocida por la frescura de sus vinos. Adem\u00e1s, el encuentro incluy\u00f3 catas guiadas y maridajes gastron\u00f3micos, lo que permiti\u00f3 apreciar la diversidad y calidad de la producci\u00f3n nacional.<\/p>\n","protected":false},"excerpt":{"rendered":"<p>Las bodegas Michango, Hualf\u00edn y Puesto del Marqu\u00e9s representaron a Catamarca en el Primer Sal\u00f3n de Vinos Argentinos realizado en el exclusivo Hotel Forbes de Madrid, Espa\u00f1a, un evento que reuni\u00f3 a las etiquetas m\u00e1s reconocidas del pa\u00eds y marc\u00f3 un nuevo hito para la vitivinicultura nacional. Organizado con el apoyo de la Embajada Argentina [&hellip;]<\/p>\n","protected":false},"author":2,"featured_media":4661,"comment_status":"open","ping_status":"open","sticky":false,"template":"","format":"standard","meta":{"footnotes":""},"categories":[20],"tags":[],"class_list":{"0":"post-4660","1":"post","2":"type-post","3":"status-publish","4":"format-standard","5":"has-post-thumbnail","7":"category-sociedad"},"aioseo_notices":[],"_links":{"self":[{"href":"https:\/\/elfaroonline.com.ar\/index.php\/wp-json\/wp\/v2\/posts\/4660","targetHints":{"allow":["GET"]}}],"collection":[{"href":"https:\/\/elfaroonline.com.ar\/index.php\/wp-json\/wp\/v2\/posts"}],"about":[{"href":"https:\/\/elfaroonline.com.ar\/index.php\/wp-json\/wp\/v2\/types\/post"}],"author":[{"embeddable":true,"href":"https:\/\/elfaroonline.com.ar\/index.php\/wp-json\/wp\/v2\/users\/2"}],"replies":[{"embeddable":true,"href":"https:\/\/elfaroonline.com.ar\/index.php\/wp-json\/wp\/v2\/comments?post=4660"}],"version-history":[{"count":1,"href":"https:\/\/elfaroonline.com.ar\/index.php\/wp-json\/wp\/v2\/posts\/4660\/revisions"}],"predecessor-version":[{"id":4662,"href":"https:\/\/elfaroonline.com.ar\/index.php\/wp-json\/wp\/v2\/posts\/4660\/revisions\/4662"}],"wp:featuredmedia":[{"embeddable":true,"href":"https:\/\/elfaroonline.com.ar\/index.php\/wp-json\/wp\/v2\/media\/4661"}],"wp:attachment":[{"href":"https:\/\/elfaroonline.com.ar\/index.php\/wp-json\/wp\/v2\/media?parent=4660"}],"wp:term":[{"taxonomy":"category","embeddable":true,"href":"https:\/\/elfaroonline.com.ar\/index.php\/wp-json\/wp\/v2\/categories?post=4660"},{"taxonomy":"post_tag","embeddable":true,"href":"https:\/\/elfaroonline.com.ar\/index.php\/wp-json\/wp\/v2\/tags?post=4660"}],"curies":[{"name":"wp","href":"https:\/\/api.w.org\/{rel}","templated":true}]}}