{"id":4663,"date":"2025-10-09T17:36:29","date_gmt":"2025-10-09T20:36:29","guid":{"rendered":"https:\/\/elfaroonline.com.ar\/?p=4663"},"modified":"2025-10-09T17:36:29","modified_gmt":"2025-10-09T20:36:29","slug":"catamarca-apuesta-a-la-tecnologia-para-mejorar-el-transporte-publico","status":"publish","type":"post","link":"https:\/\/elfaroonline.com.ar\/index.php\/2025\/10\/09\/catamarca-apuesta-a-la-tecnologia-para-mejorar-el-transporte-publico\/","title":{"rendered":"Catamarca apuesta a la tecnolog\u00eda para mejorar el transporte p\u00fablico"},"content":{"rendered":"<p>El gobernador Ra\u00fal Jalil y el ministro de Integraci\u00f3n Regional, Log\u00edstica y Transporte, Eduardo Andrada, visitaron la Terminal de \u00d3mnibus de la Capital donde se puso en marcha el Sistema de Gesti\u00f3n de Flota del transporte p\u00fablico de pasajeros, una herramienta tecnol\u00f3gica que permitir\u00e1 controlar en tiempo real los recorridos de las unidades. El objetivo es claro: viajes m\u00e1s seguros, puntuales y eficientes para los usuarios. Los diputados provinciales Gustavo Aguirre y Juan Carlos Ledesma acompa\u00f1aron la visita.<\/p>\n<p>El nuevo sistema, que ya funciona desde hace 20 d\u00edas en las cinco l\u00edneas urbanas que circulan por el centro de la ciudad, se consolida como un est\u00e1ndar \u00fanico y obligatorio para todos los servicios bajo jurisdicci\u00f3n provincial. Busca garantizar trazabilidad, eficiencia en la prestaci\u00f3n, transparencia en la gesti\u00f3n y profesionalizaci\u00f3n del sistema de transporte.<\/p>\n<p>\u201cEste sistema es fundamental para controlar el servicio y dar mayor seguridad a los usuarios\u201d, destac\u00f3 el ministro Andrada, al remarcar que la iniciativa permite monitorear frecuencias y trazas en tiempo real, adem\u00e1s de brindar informaci\u00f3n confiable para optimizar los recursos p\u00fablicos y privados.<\/p>\n<p>La modernizaci\u00f3n incluye la instalaci\u00f3n de c\u00e1maras de vigilancia en las nuevas unidades incorporadas al sistema y, de manera progresiva, en toda la flota. Estas estar\u00e1n integradas al SAE 911, lo que permitir\u00e1 reforzar la seguridad tanto del servicio como de los pasajeros. \u201cLa meta es que los 120 colectivos en circulaci\u00f3n est\u00e9n equipados y que la informaci\u00f3n se comparta en tiempo real con la Polic\u00eda\u201d, precis\u00f3 Andrada, quien tambi\u00e9n aclar\u00f3 que la inversi\u00f3n se financia con el Fondo de Mejora del Transporte.<\/p>\n<p>*Tecnolog\u00eda al servicio del usuario*<\/p>\n<p>El Sistema de Gesti\u00f3n de Flota tambi\u00e9n est\u00e1 vinculado al Sistema de Reclamos por QR, que habilita a los usuarios a realizar reportes inmediatos y sumarse de manera activa al control del servicio. Estos aportes se integran al trabajo de los inspectores, quienes verifican diariamente el estado de las unidades.<\/p>\n<p>Con esta innovaci\u00f3n, Catamarca avanza hacia un transporte p\u00fablico m\u00e1s \u00e1gil y confiable, priorizando la seguridad y la experiencia de los pasajeros.<\/p>\n","protected":false},"excerpt":{"rendered":"<p>El gobernador Ra\u00fal Jalil y el ministro de Integraci\u00f3n Regional, Log\u00edstica y Transporte, Eduardo Andrada, visitaron la Terminal de \u00d3mnibus de la Capital donde se puso en marcha el Sistema de Gesti\u00f3n de Flota del transporte p\u00fablico de pasajeros, una herramienta tecnol\u00f3gica que permitir\u00e1 controlar en tiempo real los recorridos de las unidades. El objetivo [&hellip;]<\/p>\n","protected":false},"author":2,"featured_media":4664,"comment_status":"open","ping_status":"open","sticky":false,"template":"","format":"standard","meta":{"footnotes":""},"categories":[23,21],"tags":[],"class_list":{"0":"post-4663","1":"post","2":"type-post","3":"status-publish","4":"format-standard","5":"has-post-thumbnail","7":"category-destacados","8":"category-politica"},"aioseo_notices":[],"_links":{"self":[{"href":"https:\/\/elfaroonline.com.ar\/index.php\/wp-json\/wp\/v2\/posts\/4663","targetHints":{"allow":["GET"]}}],"collection":[{"href":"https:\/\/elfaroonline.com.ar\/index.php\/wp-json\/wp\/v2\/posts"}],"about":[{"href":"https:\/\/elfaroonline.com.ar\/index.php\/wp-json\/wp\/v2\/types\/post"}],"author":[{"embeddable":true,"href":"https:\/\/elfaroonline.com.ar\/index.php\/wp-json\/wp\/v2\/users\/2"}],"replies":[{"embeddable":true,"href":"https:\/\/elfaroonline.com.ar\/index.php\/wp-json\/wp\/v2\/comments?post=4663"}],"version-history":[{"count":1,"href":"https:\/\/elfaroonline.com.ar\/index.php\/wp-json\/wp\/v2\/posts\/4663\/revisions"}],"predecessor-version":[{"id":4665,"href":"https:\/\/elfaroonline.com.ar\/index.php\/wp-json\/wp\/v2\/posts\/4663\/revisions\/4665"}],"wp:featuredmedia":[{"embeddable":true,"href":"https:\/\/elfaroonline.com.ar\/index.php\/wp-json\/wp\/v2\/media\/4664"}],"wp:attachment":[{"href":"https:\/\/elfaroonline.com.ar\/index.php\/wp-json\/wp\/v2\/media?parent=4663"}],"wp:term":[{"taxonomy":"category","embeddable":true,"href":"https:\/\/elfaroonline.com.ar\/index.php\/wp-json\/wp\/v2\/categories?post=4663"},{"taxonomy":"post_tag","embeddable":true,"href":"https:\/\/elfaroonline.com.ar\/index.php\/wp-json\/wp\/v2\/tags?post=4663"}],"curies":[{"name":"wp","href":"https:\/\/api.w.org\/{rel}","templated":true}]}}