{"id":4666,"date":"2025-10-09T17:41:17","date_gmt":"2025-10-09T20:41:17","guid":{"rendered":"https:\/\/elfaroonline.com.ar\/?p=4666"},"modified":"2025-10-09T17:41:17","modified_gmt":"2025-10-09T20:41:17","slug":"transnoa-busca-avanzar-en-proyectos-para-fortalecer-el-sistema-energetico-en-catamarca","status":"publish","type":"post","link":"https:\/\/elfaroonline.com.ar\/index.php\/2025\/10\/09\/transnoa-busca-avanzar-en-proyectos-para-fortalecer-el-sistema-energetico-en-catamarca\/","title":{"rendered":"TRANSNOA busca avanzar en proyectos para fortalecer el sistema energ\u00e9tico en Catamarca"},"content":{"rendered":"<p>_Adem\u00e1s, se analizan proyectos para potenciar el servicio energ\u00e9tico en la Puna catamarque\u00f1a._<\/p>\n<p>Con el objetivo de dialogar sobre la realidad energ\u00e9tica de la provincia y proyectar nuevas obras que permitan mejorar el servicio en todo el territorio, el gobernador Ra\u00fal Jalil mantuvo un encuentro con autoridades de TRANSNOA S.A, (Transportista de Energ\u00eda El\u00e9ctrica por Distribuci\u00f3n Troncal del Noroeste Argentino).<\/p>\n<p>De la reuni\u00f3n participaron el presidente de la compa\u00f1\u00eda el\u00e9ctrica, Diego Castro, el vicepresidente Melit\u00f3n L\u00f3pez, y el ministro de Agua, Energ\u00eda y Medio Ambiente de Catamarca, Eduardo Niederle.<\/p>\n<p>Al t\u00e9rmino del encuentro, L\u00f3pez destac\u00f3 como \u201cmuy positiva\u201d la reuni\u00f3n y remarc\u00f3 que la empresa tiene un fuerte inter\u00e9s en potenciar el desarrollo energ\u00e9tico de la provincia. \u201cVinimos a trabajar en la celeridad de varias obras fundamentales que mejorar\u00e1n el servicio el\u00e9ctrico en Catamarca. Para nosotros es estrat\u00e9gico este territorio porque tiene un enorme potencial de crecimiento, tanto en materia poblacional como en la industria minera\u201d, se\u00f1al\u00f3.<\/p>\n<p>Uno de los puntos centrales fue el compromiso de avanzar con proyectos destinados a fortalecer la infraestructura en la Puna, considerada clave por el Gobernador. \u201cEstamos viendo los dos proyectos m\u00e1s importantes para esa regi\u00f3n. Son obras de gran magnitud, pero podemos acelerar los tiempos para que est\u00e9n en marcha lo antes posible\u201d, precis\u00f3 L\u00f3pez.<\/p>\n<p>Adem\u00e1s, las autoridades coincidieron en la necesidad de modernizar y optimizar el servicio el\u00e9ctrico en toda la provincia, en l\u00ednea con el crecimiento poblacional y las demandas del sector productivo. Aqu\u00ed, se debe mencionar que la Provincia inaugur\u00f3 semanas atr\u00e1s las obras de las ET de El Pantanillo y Las Ca\u00f1as, y se espera avanzar en las estaciones transformadoras de Las Rejas y Ampajango en Santa Mar\u00eda.<\/p>\n","protected":false},"excerpt":{"rendered":"<p>_Adem\u00e1s, se analizan proyectos para potenciar el servicio energ\u00e9tico en la Puna catamarque\u00f1a._ Con el objetivo de dialogar sobre la realidad energ\u00e9tica de la provincia y proyectar nuevas obras que permitan mejorar el servicio en todo el territorio, el gobernador Ra\u00fal Jalil mantuvo un encuentro con autoridades de TRANSNOA S.A, (Transportista de Energ\u00eda El\u00e9ctrica por [&hellip;]<\/p>\n","protected":false},"author":2,"featured_media":4667,"comment_status":"open","ping_status":"open","sticky":false,"template":"","format":"standard","meta":{"footnotes":""},"categories":[23,21],"tags":[],"class_list":{"0":"post-4666","1":"post","2":"type-post","3":"status-publish","4":"format-standard","5":"has-post-thumbnail","7":"category-destacados","8":"category-politica"},"aioseo_notices":[],"_links":{"self":[{"href":"https:\/\/elfaroonline.com.ar\/index.php\/wp-json\/wp\/v2\/posts\/4666","targetHints":{"allow":["GET"]}}],"collection":[{"href":"https:\/\/elfaroonline.com.ar\/index.php\/wp-json\/wp\/v2\/posts"}],"about":[{"href":"https:\/\/elfaroonline.com.ar\/index.php\/wp-json\/wp\/v2\/types\/post"}],"author":[{"embeddable":true,"href":"https:\/\/elfaroonline.com.ar\/index.php\/wp-json\/wp\/v2\/users\/2"}],"replies":[{"embeddable":true,"href":"https:\/\/elfaroonline.com.ar\/index.php\/wp-json\/wp\/v2\/comments?post=4666"}],"version-history":[{"count":1,"href":"https:\/\/elfaroonline.com.ar\/index.php\/wp-json\/wp\/v2\/posts\/4666\/revisions"}],"predecessor-version":[{"id":4668,"href":"https:\/\/elfaroonline.com.ar\/index.php\/wp-json\/wp\/v2\/posts\/4666\/revisions\/4668"}],"wp:featuredmedia":[{"embeddable":true,"href":"https:\/\/elfaroonline.com.ar\/index.php\/wp-json\/wp\/v2\/media\/4667"}],"wp:attachment":[{"href":"https:\/\/elfaroonline.com.ar\/index.php\/wp-json\/wp\/v2\/media?parent=4666"}],"wp:term":[{"taxonomy":"category","embeddable":true,"href":"https:\/\/elfaroonline.com.ar\/index.php\/wp-json\/wp\/v2\/categories?post=4666"},{"taxonomy":"post_tag","embeddable":true,"href":"https:\/\/elfaroonline.com.ar\/index.php\/wp-json\/wp\/v2\/tags?post=4666"}],"curies":[{"name":"wp","href":"https:\/\/api.w.org\/{rel}","templated":true}]}}