{"id":4669,"date":"2025-10-09T17:47:10","date_gmt":"2025-10-09T20:47:10","guid":{"rendered":"https:\/\/elfaroonline.com.ar\/?p=4669"},"modified":"2025-10-09T17:47:10","modified_gmt":"2025-10-09T20:47:10","slug":"allanaron-el-despacho-y-la-casa-de-jose-luis-espert-en-la-causa-que-investiga-sus-vinculos-con-fred-machado","status":"publish","type":"post","link":"https:\/\/elfaroonline.com.ar\/index.php\/2025\/10\/09\/allanaron-el-despacho-y-la-casa-de-jose-luis-espert-en-la-causa-que-investiga-sus-vinculos-con-fred-machado\/","title":{"rendered":"Allanaron el despacho y la casa de Jos\u00e9 Luis Espert en la causa que investiga sus v\u00ednculos con Fred Machado"},"content":{"rendered":"<p>Por orden de la Justicia Federal de San Isidro, se llevaron adelante allanamientos en el domicilio del diputado nacional <b>Jos\u00e9 Luis Espert<\/b>, ubicado en la localidad de Beccar, y en su despacho del Congreso de la Naci\u00f3n. Todo ocurri\u00f3 en el marco de la causa iniciada por una denuncia de <b>Juan Grabois, <\/b>a partir de los presuntos v\u00ednculos del legislador oficialista con el empresario <b>Federico \u201cFred\u201d Machado<\/b>, investigado por narcotr\u00e1fico en los Estados Unidos.<\/p>\n<p>El propio Espert recibi\u00f3 a la Polic\u00eda en su casa. Estaba acompa\u00f1ado por sus abogados, seg\u00fan reflej\u00f3 el canal de noticias <i>TN<\/i>, que tambi\u00e9n estaba en el lugar en el momento que se inici\u00f3 el operativo.<\/p>\n<p class=\"paragraph\" data-mrf-recirculation=\"Links inline\"><b>El legislador entreg\u00f3 un celular a la Justicia<\/b>, que lo tendr\u00e1 secuestrado al menos hasta que se haga una copia forense y sea peritado.<\/p>\n<div class=\"news-module\" data-mrf-recirculation=\"IL_m3kiGo-8SVS6m0U7OqrZLw\" data-testid=\"text-html\" data-mrf-experience=\"IL_m3kiGo-8SVS6m0U7OqrZLw\">\n<div class=\"recommended-card__info\">La investigaci\u00f3n est\u00e1 a cargo del fiscal federal <b>Federico Dom\u00ednguez<\/b>, quien lleva adelante la causa bajo secreto de sumario. El juez que orden\u00f3 las requisas al diputado de La Libertad Avanza es <b>Lino Mirabelli<\/b>.<\/div>\n<div>El caso se origin\u00f3 a partir del hallazgo de una transferencia de USD 200.000 de \u201cFred\u201d Machado a Espert. En su denuncia, Grabois pidi\u00f3 que se investigue si son fondos \u201cprovenientes de una organizaci\u00f3n criminal que est\u00e1 siendo juzgada por la justicia federal del Estado de Texas, EEUU, por el delito de tr\u00e1fico de estupefacientes\u00a0<b>se corresponden con una maniobra de lavado de activos<\/b>\u00a0y configuran por lo tanto el delito previsto y reprimido por el art. 303 inc. 1 del C\u00f3digo Penal\u201d.<\/div>\n<div>\n<p class=\"paragraph\" data-mrf-recirculation=\"Links inline\">El nombre de Espert apareci\u00f3 en registros financieros oficiales\u00a0<b>del Bank of America<\/b>\u00a0y en una contabilidad paralela que se us\u00f3 como prueba en el juicio que concluy\u00f3 con<b>\u00a0la condena de Debra Mercer-Erwin, socia de Federico \u201cFred\u201d Machado<\/b>.<\/p>\n<p class=\"paragraph\" data-mrf-recirculation=\"Links inline\">\u201cMachado me dijo que una empresa minera vinculada a \u00e9l necesitaba de\u00a0<b>mis servicios como economista<\/b>\u201d, explic\u00f3 el diputado libertario en un video que difundi\u00f3 en sus redes sociales, previo a renunciar a su candidatura. La firma en cuesti\u00f3n es\u00a0<b>Minas del Pueblo de Guatemala.<\/b><\/p>\n<p class=\"paragraph\" data-mrf-recirculation=\"Links inline\">\u201cTuvimos una reuni\u00f3n hacia mediados de 2019. Lo que me solicit\u00f3 fue asesoramiento sobre distintos proyectos que ten\u00edan y, sobre todo, consejos para reestructurar la deuda de la empresa que estaba activa y que ten\u00eda pocos a\u00f1os de existencia. Le dije que me interesaba, pero que tendr\u00eda que esperar al fin del proceso electoral para volver a la actividad profesional. Ese mismo a\u00f1o compet\u00ed en las elecciones presidenciales y perd\u00ed como en la guerra, y entonces volv\u00ed a mi actividad privada\u201d, aleg\u00f3 Espert.<\/p>\n<p class=\"paragraph\" data-mrf-recirculation=\"Links inline\">De acuerdo a su versi\u00f3n,\u00a0<b>los 200.000 d\u00f3lares fueron \u201cun adelanto en virtud de ese contrato\u201d<\/b>, y \u201cno se trat\u00f3 de un pago del se\u00f1or Machado, sino de una empresa que solicitaba mis servicios profesionales\u201d. <b>Espert nunca realiz\u00f3 el trabajo, <\/b>seg\u00fan \u00e9l, por la irrupci\u00f3n de la pandemia.<\/p>\n<\/div>\n<\/div>\n","protected":false},"excerpt":{"rendered":"<p>Por orden de la Justicia Federal de San Isidro, se llevaron adelante allanamientos en el domicilio del diputado nacional Jos\u00e9 Luis Espert, ubicado en la localidad de Beccar, y en su despacho del Congreso de la Naci\u00f3n. Todo ocurri\u00f3 en el marco de la causa iniciada por una denuncia de Juan Grabois, a partir de [&hellip;]<\/p>\n","protected":false},"author":2,"featured_media":4670,"comment_status":"open","ping_status":"open","sticky":false,"template":"","format":"standard","meta":{"footnotes":""},"categories":[22,27],"tags":[],"class_list":{"0":"post-4669","1":"post","2":"type-post","3":"status-publish","4":"format-standard","5":"has-post-thumbnail","7":"category-nacionales","8":"category-policiales"},"aioseo_notices":[],"_links":{"self":[{"href":"https:\/\/elfaroonline.com.ar\/index.php\/wp-json\/wp\/v2\/posts\/4669","targetHints":{"allow":["GET"]}}],"collection":[{"href":"https:\/\/elfaroonline.com.ar\/index.php\/wp-json\/wp\/v2\/posts"}],"about":[{"href":"https:\/\/elfaroonline.com.ar\/index.php\/wp-json\/wp\/v2\/types\/post"}],"author":[{"embeddable":true,"href":"https:\/\/elfaroonline.com.ar\/index.php\/wp-json\/wp\/v2\/users\/2"}],"replies":[{"embeddable":true,"href":"https:\/\/elfaroonline.com.ar\/index.php\/wp-json\/wp\/v2\/comments?post=4669"}],"version-history":[{"count":1,"href":"https:\/\/elfaroonline.com.ar\/index.php\/wp-json\/wp\/v2\/posts\/4669\/revisions"}],"predecessor-version":[{"id":4671,"href":"https:\/\/elfaroonline.com.ar\/index.php\/wp-json\/wp\/v2\/posts\/4669\/revisions\/4671"}],"wp:featuredmedia":[{"embeddable":true,"href":"https:\/\/elfaroonline.com.ar\/index.php\/wp-json\/wp\/v2\/media\/4670"}],"wp:attachment":[{"href":"https:\/\/elfaroonline.com.ar\/index.php\/wp-json\/wp\/v2\/media?parent=4669"}],"wp:term":[{"taxonomy":"category","embeddable":true,"href":"https:\/\/elfaroonline.com.ar\/index.php\/wp-json\/wp\/v2\/categories?post=4669"},{"taxonomy":"post_tag","embeddable":true,"href":"https:\/\/elfaroonline.com.ar\/index.php\/wp-json\/wp\/v2\/tags?post=4669"}],"curies":[{"name":"wp","href":"https:\/\/api.w.org\/{rel}","templated":true}]}}