{"id":4672,"date":"2025-10-09T17:51:58","date_gmt":"2025-10-09T20:51:58","guid":{"rendered":"https:\/\/elfaroonline.com.ar\/?p=4672"},"modified":"2025-10-09T17:51:58","modified_gmt":"2025-10-09T20:51:58","slug":"triple-femicidio-narco-pidieron-la-captura-internacional-de-uno-de-los-tios-de-pequeno-j-y-de-el-loco-david","status":"publish","type":"post","link":"https:\/\/elfaroonline.com.ar\/index.php\/2025\/10\/09\/triple-femicidio-narco-pidieron-la-captura-internacional-de-uno-de-los-tios-de-pequeno-j-y-de-el-loco-david\/","title":{"rendered":"Triple femicidio narco: pidieron la captura internacional de uno de los t\u00edos de Peque\u00f1o J y de \u201cEl Loco\u201d David"},"content":{"rendered":"<p>Manuel David Valverde Rodr\u00edguez, familiar del presunto narco peruano, fue ubicado en la escena del crimen por Celeste Guerrero, la mujer que alquilaba la casa donde se cometieron los cr\u00edmenes. Buscan adem\u00e1s a David Gustavo Morales Huamani, a quien tambi\u00e9n conocen como \u201cEl Tarta\u201d.<\/p>\n<p class=\"paragraph\" data-mrf-recirculation=\"Links inline\">A los dos pr\u00f3fugos los buscan todas las fuerzas de seguridad del pa\u00eds, ya sean federales como provinciales; y las polic\u00edas de todo el mundo, a trav\u00e9s de<b> Interpol<\/b>. Fue luego de la indicaci\u00f3n <b>de urgente carga inmediata <\/b>realizada por el Ministerio de Seguridad Nacional.<\/p>\n<div class=\"inline ad-wrapper\">\n<div class=\"dfpAd ad-inline\"><\/div>\n<\/div>\n<p class=\"paragraph\" data-mrf-recirculation=\"Links inline\">Valverde Rodr\u00edguez, nacido el 8 de octubre de 1980 en Per\u00fa, fue reconocido por Guerrero durante la indagatoria realizada este mi\u00e9rcoles en el despacho del fiscal<b> Carlos Adri\u00e1n Arribas<\/b>, a cargo de la fiscal\u00eda de Homicidios de La Matanza.<\/p>\n<p data-mrf-recirculation=\"Links inline\">A la mujer le mostraron una foto y dijo que se trataba de \u201cuno de los sujetos que ten\u00edan guantes de l\u00e1tex\u201d a los que vio cuando les dejaba su casa a los presuntos narcos: les alquil\u00f3 la propiedad por mil d\u00f3lares para una supuesta fiesta que termin\u00f3 en el triple crimen.<\/p>\n<p data-mrf-recirculation=\"Links inline\">Celeste describi\u00f3 a Valverde Rodr\u00edguez como <b>\u201calto y flaco\u201d<\/b>. Record\u00f3 que le pregunt\u00f3 por qu\u00e9 se cort\u00f3 la m\u00fasica y dijo que vest\u00eda campe\u00f3n azul de AFA y gorra con visera negra.<\/p>\n<p class=\"paragraph\" data-mrf-recirculation=\"Links inline\">De acuerdo al diario peruano <i>La Rep\u00fablica<\/i>, el alias del t\u00edo paterno de Tony Janzen Valverde Victoriano es <b>\u201cChuman\u201d<\/b>. Integra, adem\u00e1s, la banda \u201cLa Jaur\u00eda\u201d. Fue <b>acusado de un homicidio<\/b> ocurrido el 13 de julio de 2012. Seg\u00fan a la publicaci\u00f3n, registra varios viajes a la Argentina. La mujer no reconoci\u00f3 a Luis, el otro t\u00edo de Peque\u00f1o J que tambi\u00e9n habr\u00eda estado en territorio argentino.<\/p>\n<p class=\"paragraph\" data-mrf-recirculation=\"Links inline\">Manuel Valverde fue captado junto a su sobrino por c\u00e1maras de seguridad cuando ingresaron a Buenos Aires, el 28 de agosto pasado, junto a Luis, su hermano, v\u00eda Buqueb\u00fas. La imagen acompa\u00f1a esta nota.<\/p>\n<p class=\"paragraph\" data-mrf-recirculation=\"Links inline\">En tanto, a <b>David Gustavo Morales Huamani Guerrero <\/b>lo identific\u00f3 de la misma manera (por foto) y mencion\u00f3 que tambi\u00e9n llevaba guantes. Huamani, que naci\u00f3 el 3 de noviembre de 1988 en Per\u00fa, tambi\u00e9n fue nombrado por <b>V\u00edctor Sotacuro L\u00e1zaro<\/b>, el supuesto remisero que fue detenido en Villaz\u00f3n, Bolivia.<\/p>\n<p class=\"paragraph\" data-mrf-recirculation=\"Links inline\">Seg\u00fan el presunto chofer, <b>Huamani es \u201cEl Tarta\u201d<\/b>, el hombre que le hab\u00eda solicitado el viaje desde Florencio Varela a la 1-11-14 y quien ingres\u00f3 a su VW Fox embarrado y mojado junto a otros dos hombres la madrugada del crimen.<\/p>\n<p class=\"paragraph\" data-mrf-recirculation=\"Links inline\">Tambi\u00e9n permanece pr\u00f3fugo <b>Alex Roger Idone Castillo<\/b>, sobre quien pesa una <b>captura internacional de Interpol <\/b>por haberlo encontrado con <b>51 kilos de coca\u00edna en Per\u00fa<\/b>, por lo que no puede volver a ese pa\u00eds porque queda preso.<\/p>\n<p class=\"paragraph\" data-mrf-recirculation=\"Links inline\">Idone es el hombre que acompa\u00f1aba a Sotacuro y a <b>Florencia Ib\u00e1\u00f1ez<\/b> en el VW Fox blanco. En sus declaraciones a la prensa, antes de ser detenida, la sobrina de Sotacuro intent\u00f3 ocultar la verdadera identidad del hombre al que se\u00f1al\u00f3, luego, como su supuesto amante y al que el t\u00edo de la mujer le dice Diego.<\/p>\n<p class=\"paragraph\" data-mrf-recirculation=\"Links inline\">La declaraci\u00f3n de Guerrero confirm\u00f3 al fiscal el presunto m\u00f3vil de los asesinatos: un ajuste de cuentas por el robo de coca\u00edna. La pareja de <b>Miguel \u00c1ngel Villanueva Silva<\/b>, tambi\u00e9n detenido, habr\u00eda dicho que fueron 3 kilos de la droga en una entrevista espont\u00e1nea con los detectives de la DDI que la arrestaron. Este mi\u00e9rcoles ahond\u00f3 sobre el tema e indic\u00f3 que eran 30 kilos y que Peque\u00f1o J cobr\u00f3 <b>\u201cun mill\u00f3n de d\u00f3lares\u201d<\/b>.<\/p>\n<p class=\"paragraph\" data-mrf-recirculation=\"Links inline\">As\u00ed, las autoridades buscan a \u201cEl Loco\u201d David, a \u201cChusman\u201d, a Alex y a, al menos, dos sospechosos m\u00e1s por el triple femicidio de Lara, Brenda y Morena.<\/p>\n","protected":false},"excerpt":{"rendered":"<p>Manuel David Valverde Rodr\u00edguez, familiar del presunto narco peruano, fue ubicado en la escena del crimen por Celeste Guerrero, la mujer que alquilaba la casa donde se cometieron los cr\u00edmenes. Buscan adem\u00e1s a David Gustavo Morales Huamani, a quien tambi\u00e9n conocen como \u201cEl Tarta\u201d. A los dos pr\u00f3fugos los buscan todas las fuerzas de seguridad [&hellip;]<\/p>\n","protected":false},"author":2,"featured_media":4673,"comment_status":"open","ping_status":"open","sticky":false,"template":"","format":"standard","meta":{"footnotes":""},"categories":[22,27],"tags":[],"class_list":{"0":"post-4672","1":"post","2":"type-post","3":"status-publish","4":"format-standard","5":"has-post-thumbnail","7":"category-nacionales","8":"category-policiales"},"aioseo_notices":[],"_links":{"self":[{"href":"https:\/\/elfaroonline.com.ar\/index.php\/wp-json\/wp\/v2\/posts\/4672","targetHints":{"allow":["GET"]}}],"collection":[{"href":"https:\/\/elfaroonline.com.ar\/index.php\/wp-json\/wp\/v2\/posts"}],"about":[{"href":"https:\/\/elfaroonline.com.ar\/index.php\/wp-json\/wp\/v2\/types\/post"}],"author":[{"embeddable":true,"href":"https:\/\/elfaroonline.com.ar\/index.php\/wp-json\/wp\/v2\/users\/2"}],"replies":[{"embeddable":true,"href":"https:\/\/elfaroonline.com.ar\/index.php\/wp-json\/wp\/v2\/comments?post=4672"}],"version-history":[{"count":1,"href":"https:\/\/elfaroonline.com.ar\/index.php\/wp-json\/wp\/v2\/posts\/4672\/revisions"}],"predecessor-version":[{"id":4674,"href":"https:\/\/elfaroonline.com.ar\/index.php\/wp-json\/wp\/v2\/posts\/4672\/revisions\/4674"}],"wp:featuredmedia":[{"embeddable":true,"href":"https:\/\/elfaroonline.com.ar\/index.php\/wp-json\/wp\/v2\/media\/4673"}],"wp:attachment":[{"href":"https:\/\/elfaroonline.com.ar\/index.php\/wp-json\/wp\/v2\/media?parent=4672"}],"wp:term":[{"taxonomy":"category","embeddable":true,"href":"https:\/\/elfaroonline.com.ar\/index.php\/wp-json\/wp\/v2\/categories?post=4672"},{"taxonomy":"post_tag","embeddable":true,"href":"https:\/\/elfaroonline.com.ar\/index.php\/wp-json\/wp\/v2\/tags?post=4672"}],"curies":[{"name":"wp","href":"https:\/\/api.w.org\/{rel}","templated":true}]}}