{"id":4682,"date":"2025-10-20T19:47:26","date_gmt":"2025-10-20T22:47:26","guid":{"rendered":"https:\/\/elfaroonline.com.ar\/?p=4682"},"modified":"2025-10-20T19:47:26","modified_gmt":"2025-10-20T22:47:26","slug":"terminal-de-belen-avanza-la-apertura-de-sus-espacios","status":"publish","type":"post","link":"https:\/\/elfaroonline.com.ar\/index.php\/2025\/10\/20\/terminal-de-belen-avanza-la-apertura-de-sus-espacios\/","title":{"rendered":"Terminal de Bel\u00e9n: avanza la apertura de sus espacios"},"content":{"rendered":"<div>\n<p class=\"v1MsoNormal\">El Ministerio de Integraci\u00f3n Regional, Log\u00edstica y Transporte informa que la nueva Terminal de \u00d3mnibus de Bel\u00e9n, recientemente inaugurada, se encuentra lista y concluida en su infraestructura, y que su puesta en funcionamiento se realizar\u00e1 por etapas, tal como estaba previsto en el plan de apertura.<\/p>\n<p class=\"v1MsoNormal\">En esta primera etapa, se abrir\u00e1 el llamado a empresas de transporte interesadas en instalar sus boleter\u00edas y comenzar a operar en el nuevo edificio. De igual modo, se invita a emprendimientos gastron\u00f3micos y comercios locales a participar en el proceso de adjudicaci\u00f3n de los espacios comerciales que funcionar\u00e1n dentro del predio.<\/p>\n<p class=\"v1MsoNormal\">Los interesados deber\u00e1n comunicarse por correo electr\u00f3nico a <a href=\"mailto:catsau@catamarca.gov.ar\" rel=\"noreferrer\">catsau@catamarca.gov.ar<\/a>, para recibir informaci\u00f3n sobre los requisitos y plazos correspondientes.<\/p>\n<p class=\"v1MsoNormal\">Esta modalidad de apertura gradual permite garantizar una transici\u00f3n ordenada, segura y sustentable, acompa\u00f1ando la puesta en marcha de los distintos servicios p\u00fablicos y privados que dar\u00e1n vida a la terminal.<\/p>\n<p class=\"v1MsoNormal\">De esta manera, se avanza con responsabilidad en una obra que ya es un hecho concreto para los vecinos de Bel\u00e9n, y que muy pronto estar\u00e1 plenamente operativa al servicio de los pasajeros y del desarrollo regional.<\/p>\n<\/div>\n","protected":false},"excerpt":{"rendered":"<p>El Ministerio de Integraci\u00f3n Regional, Log\u00edstica y Transporte informa que la nueva Terminal de \u00d3mnibus de Bel\u00e9n, recientemente inaugurada, se encuentra lista y concluida en su infraestructura, y que su puesta en funcionamiento se realizar\u00e1 por etapas, tal como estaba previsto en el plan de apertura. En esta primera etapa, se abrir\u00e1 el llamado a [&hellip;]<\/p>\n","protected":false},"author":2,"featured_media":4683,"comment_status":"open","ping_status":"open","sticky":false,"template":"","format":"standard","meta":{"footnotes":""},"categories":[20],"tags":[],"class_list":{"0":"post-4682","1":"post","2":"type-post","3":"status-publish","4":"format-standard","5":"has-post-thumbnail","7":"category-sociedad"},"aioseo_notices":[],"_links":{"self":[{"href":"https:\/\/elfaroonline.com.ar\/index.php\/wp-json\/wp\/v2\/posts\/4682","targetHints":{"allow":["GET"]}}],"collection":[{"href":"https:\/\/elfaroonline.com.ar\/index.php\/wp-json\/wp\/v2\/posts"}],"about":[{"href":"https:\/\/elfaroonline.com.ar\/index.php\/wp-json\/wp\/v2\/types\/post"}],"author":[{"embeddable":true,"href":"https:\/\/elfaroonline.com.ar\/index.php\/wp-json\/wp\/v2\/users\/2"}],"replies":[{"embeddable":true,"href":"https:\/\/elfaroonline.com.ar\/index.php\/wp-json\/wp\/v2\/comments?post=4682"}],"version-history":[{"count":1,"href":"https:\/\/elfaroonline.com.ar\/index.php\/wp-json\/wp\/v2\/posts\/4682\/revisions"}],"predecessor-version":[{"id":4684,"href":"https:\/\/elfaroonline.com.ar\/index.php\/wp-json\/wp\/v2\/posts\/4682\/revisions\/4684"}],"wp:featuredmedia":[{"embeddable":true,"href":"https:\/\/elfaroonline.com.ar\/index.php\/wp-json\/wp\/v2\/media\/4683"}],"wp:attachment":[{"href":"https:\/\/elfaroonline.com.ar\/index.php\/wp-json\/wp\/v2\/media?parent=4682"}],"wp:term":[{"taxonomy":"category","embeddable":true,"href":"https:\/\/elfaroonline.com.ar\/index.php\/wp-json\/wp\/v2\/categories?post=4682"},{"taxonomy":"post_tag","embeddable":true,"href":"https:\/\/elfaroonline.com.ar\/index.php\/wp-json\/wp\/v2\/tags?post=4682"}],"curies":[{"name":"wp","href":"https:\/\/api.w.org\/{rel}","templated":true}]}}