{"id":4688,"date":"2025-10-20T19:52:18","date_gmt":"2025-10-20T22:52:18","guid":{"rendered":"https:\/\/elfaroonline.com.ar\/?p=4688"},"modified":"2025-10-20T19:52:18","modified_gmt":"2025-10-20T22:52:18","slug":"reconocimiento-a-los-deportistas-destacados-de-los-evita-2025","status":"publish","type":"post","link":"https:\/\/elfaroonline.com.ar\/index.php\/2025\/10\/20\/reconocimiento-a-los-deportistas-destacados-de-los-evita-2025\/","title":{"rendered":"Reconocimiento a los deportistas destacados de los Evita 2025"},"content":{"rendered":"<div>En el Sal\u00f3n de Interpretaci\u00f3n de Catamarca en el Predio Ferial, se realiz\u00f3 la entrega de distinciones a los deportistas catamarque\u00f1os medallistas en los Juegos Deportivos Nacionales Evita 2025, y de los Juegos Nacionales de Adultos Mayores. El acto estuvo encabezado por la ministra de Cultura, Turismo y Deporte Daiana Rold\u00e1n, el secretario de Deportes y Recreaci\u00f3n Guillermo Perna, acompa\u00f1ados por los directores de Deporte Social Federico Andrada y de Deporte Adaptado Gonzalo P\u00e9rez.<\/div>\n<div><\/div>\n<div>&#8220;Los felicito por esta gran experiencia y los resultados que lograron. En una situaci\u00f3n actual tan compleja, fue un esfuerzo del gobierno Provincial que hayan podido participar. Fue una decisi\u00f3n de nuestro gobernador Ra\u00fal Jalil&#8221;, resalt\u00f3 la Ministra, dirigi\u00e9ndose a los deportistas. &#8220;Le hago un agradecimiento personal a la Ministra porque en este momento dif\u00edcil en lo econ\u00f3mico, el Gobernador tom\u00f3 la decisi\u00f3n pol\u00edtica de que puedan participar y estamos muy contentos. Quiero felicitar por todo el trabajo que se hizo en 40 d\u00edas a deportistas, profesores, familias, municipios. Los Juegos Evita son importantes porque le estamos dando un futuro a los chicos&#8221;, destac\u00f3, por su parte, el secretario Perna.<\/div>\n<div><\/div>\n<div>Los reconocimientos iniciaron por la delegaci\u00f3n que viaj\u00f3 a Mar del Plata del 29 de septiembre al 4 de octubre en Juveniles, tanto en Convencionales como Adaptados, que lograron un total de 34 medallas en conjunto. Por el lado de Convencionales, se conquistaron cuatro oros: Thomas Breppe (Ciclismo, 500 metros); Tiziano Calder\u00f3n (Atletismo, 80 metros llanos); Valentina Corpacci (BMX Freestyle), y el equipo de Gimnasia Art\u00edstica Ramiro: Efra\u00edn Vega Rabinovich, Baltazar Alessandro Fuentes y Lucas Mansilla. De plata, cinco preseas: Julia Reyna Furque (Judo); Sof\u00eda Chayle (Triatl\u00f3n); Fernanda Varas y Tadeo Joaqu\u00edn Robledo (Tiro con Arco Mixto); Javier Correa (Atletismo, 2000 mts Marcha); y Giovanni Garc\u00eda (E-Sports). Adem\u00e1s, tres de bronce: Melina Ag\u00fcero (Boxeo); Tadeo Joaqu\u00edn Robledo (Tiro con Arco Masculino); Emilio Valdez (Atletismo, 600 mts).<\/div>\n<div><\/div>\n<div>Por el lado de Adaptado, conquistaron 14 doradas: Milagros Nieva (Nataci\u00f3n Adaptada, 25 mts Mariposa); Juli\u00e1n Nieva (Nataci\u00f3n Adaptada, 25 mts Libre); Celeste Mansilla (Atletismo Adaptado, Salto en Largo, 100 y 200 mts); Magal\u00ed Contreras (Atletismo Adaptado, 200 y 100 mts, Bala y Salto); Ger\u00f3nimo Tarifa (Atletismo Adaptado, 200 y 100 mts, Bala y Salto); y Valent\u00edn Yba\u00f1ez (Powerlifting Adaptado, Promocional). Tambi\u00e9n tres plateadas m\u00e1s en Atletismo Adaptado: Celeste Mansilla (Bala), y Uriel Quiroga (Salto y 1500 mts). Adem\u00e1s, sumaron cinco de bronce: Dar\u00edo Luna (Tenis de Mesa Adaptado, Single); Esteban Barrionuevo (Nataci\u00f3n Adaptada, 25 mts Espalda); y en Atletismo Adaptado: Uriel Quiroga (200 mts); y Nicol\u00e1s Coronel (200 y 100 mts).<\/div>\n<div><\/div>\n<div>Por el lado de los Juegos de Adultos Mayores, se desarrollaron del 1 al 5 de septiembre en la ciudad de Salta. All\u00ed, se destacaron con medallas de plata Teresita Toledo (Orientaci\u00f3n) y Amanda Carrizo (Sapo); y de bronce Luis Alfredo Salas (Orientaci\u00f3n) y el equipo de Newcom de Bel\u00e9n.<\/div>\n<div><\/div>\n<div>Este evento fue declarado de Inter\u00e9s Parlamentario con la presencia de la diputada Provincial Josefina Herr, que hizo entrega del instrumento de la misma.<\/div>\n","protected":false},"excerpt":{"rendered":"<p>En el Sal\u00f3n de Interpretaci\u00f3n de Catamarca en el Predio Ferial, se realiz\u00f3 la entrega de distinciones a los deportistas catamarque\u00f1os medallistas en los Juegos Deportivos Nacionales Evita 2025, y de los Juegos Nacionales de Adultos Mayores. El acto estuvo encabezado por la ministra de Cultura, Turismo y Deporte Daiana Rold\u00e1n, el secretario de Deportes [&hellip;]<\/p>\n","protected":false},"author":2,"featured_media":4689,"comment_status":"open","ping_status":"open","sticky":false,"template":"","format":"standard","meta":{"footnotes":""},"categories":[25],"tags":[],"class_list":{"0":"post-4688","1":"post","2":"type-post","3":"status-publish","4":"format-standard","5":"has-post-thumbnail","7":"category-deportes"},"aioseo_notices":[],"_links":{"self":[{"href":"https:\/\/elfaroonline.com.ar\/index.php\/wp-json\/wp\/v2\/posts\/4688","targetHints":{"allow":["GET"]}}],"collection":[{"href":"https:\/\/elfaroonline.com.ar\/index.php\/wp-json\/wp\/v2\/posts"}],"about":[{"href":"https:\/\/elfaroonline.com.ar\/index.php\/wp-json\/wp\/v2\/types\/post"}],"author":[{"embeddable":true,"href":"https:\/\/elfaroonline.com.ar\/index.php\/wp-json\/wp\/v2\/users\/2"}],"replies":[{"embeddable":true,"href":"https:\/\/elfaroonline.com.ar\/index.php\/wp-json\/wp\/v2\/comments?post=4688"}],"version-history":[{"count":1,"href":"https:\/\/elfaroonline.com.ar\/index.php\/wp-json\/wp\/v2\/posts\/4688\/revisions"}],"predecessor-version":[{"id":4690,"href":"https:\/\/elfaroonline.com.ar\/index.php\/wp-json\/wp\/v2\/posts\/4688\/revisions\/4690"}],"wp:featuredmedia":[{"embeddable":true,"href":"https:\/\/elfaroonline.com.ar\/index.php\/wp-json\/wp\/v2\/media\/4689"}],"wp:attachment":[{"href":"https:\/\/elfaroonline.com.ar\/index.php\/wp-json\/wp\/v2\/media?parent=4688"}],"wp:term":[{"taxonomy":"category","embeddable":true,"href":"https:\/\/elfaroonline.com.ar\/index.php\/wp-json\/wp\/v2\/categories?post=4688"},{"taxonomy":"post_tag","embeddable":true,"href":"https:\/\/elfaroonline.com.ar\/index.php\/wp-json\/wp\/v2\/tags?post=4688"}],"curies":[{"name":"wp","href":"https:\/\/api.w.org\/{rel}","templated":true}]}}