{"id":4691,"date":"2025-10-20T19:55:08","date_gmt":"2025-10-20T22:55:08","guid":{"rendered":"https:\/\/elfaroonline.com.ar\/?p=4691"},"modified":"2025-10-20T19:55:08","modified_gmt":"2025-10-20T22:55:08","slug":"el-gobernador-raul-jalil-recorrio-la-cueva-cacao-y-ratifico-el-compromiso-con-la-ciencia-y-el-patrimonio-de-catamarca","status":"publish","type":"post","link":"https:\/\/elfaroonline.com.ar\/index.php\/2025\/10\/20\/el-gobernador-raul-jalil-recorrio-la-cueva-cacao-y-ratifico-el-compromiso-con-la-ciencia-y-el-patrimonio-de-catamarca\/","title":{"rendered":"El gobernador Ra\u00fal Jalil recorri\u00f3 la Cueva Cacao y ratific\u00f3 el compromiso con la ciencia y el patrimonio de Catamarca"},"content":{"rendered":"<p class=\"v1MsoNormal\"><i>El sitio tiene el potencial para posicionar a Catamarca como referente del patrimonio arqueol\u00f3gico continental.<\/i><\/p>\n<p class=\"v1MsoNormal\">En una jornada de profundo significado hist\u00f3rico y estrat\u00e9gico, el gobernador Ra\u00fal Jalil realiz\u00f3 una recorrida oficial por la Cueva Cacao 1A, en la confluencia de las quebradas de Curuto y Cacao (Antofagasta de la Sierra).<\/p>\n<p class=\"v1MsoNormal\">All\u00ed fue informado sobre los avances del proyecto arqueol\u00f3gico en desarrollo, en el marco de las I Jornadas de Arqueolog\u00eda de Antofagasta de la Sierra, bajo la direcci\u00f3n cient\u00edfica del renombrado prehistoriador franc\u00e9s Eric Bo\u00ebda.<\/p>\n<p class=\"v1MsoNormal\">El Gobernador convers\u00f3 en terreno con el equipo investigador, recibi\u00f3 informes t\u00e9cnicos y evalu\u00f3 junto con las autoridades locales y cient\u00edficas las pr\u00f3ximas etapas de estudio, conservaci\u00f3n y puesta en valor del sitio. En este marco, destac\u00f3 que se trabajar\u00e1 en un plan de integral de manejo y preservaci\u00f3n del sitio tras el hist\u00f3rico hallazgo, en cooperaci\u00f3n con la Embajada de Francia, el Consejo Federal de Inversiones (CFI), universidades y arque\u00f3logos para preservar la Cueva.<\/p>\n<p class=\"v1MsoNormal\">En la visita tambi\u00e9n estuvieron presentes investigadores del CONICET, de la Facultad de Arqueolog\u00eda de Tucum\u00e1n, los ministros de Gobierno, Seguridad y Justicia, Fernando Monguillot; de Trabajo, Planificaci\u00f3n y Recursos Humanos, Ver\u00f3nica Soria; la diputada provincial, Claudia Palladino, entre otras autoridades.<\/p>\n<p class=\"v1MsoNormal\"><b>Un sitio que interpela la historia<\/b><\/p>\n<p class=\"v1MsoNormal\">La Cueva Cacao 1A es un yacimiento arqueol\u00f3gico de gran relevancia. Ubicada a unos 20 km al norte del n\u00facleo poblacional de Antofagasta de la Sierra, este alero contiene m\u00faltiples estratos con ocupaciones humanas antiguas junto con restos de megafauna extinta.<\/p>\n<p class=\"v1MsoNormal\">En niveles estratigr\u00e1ficos profundos se han recuperado artefactos l\u00edticos, restos \u00f3seos de megafauna (megaterios, perezosos gigantes) y fibras vegetales entre sedimentos compactos, con dataciones de carbono\u201114 que oscilan entre 42.000 y 37.000 a\u00f1os antes del presente.<\/p>\n<p class=\"v1MsoNormal\">En capas superiores se han descubierto mechones de cabello humano, sandalias de cuero, un sonajero r\u00fastico, cer\u00e1mica, as\u00ed como pinturas y grabados rupestres que muestran m\u00faltiples estilos superpuestos a lo largo del tiempo.<\/p>\n<p class=\"v1MsoNormal\">El arte rupestre presente exhibe motivos de figuras humanas completas, cam\u00e9lidos, m\u00e1scaras y signos del estilo regional, algunos integrando distintos momentos culturales sin delimitaciones cronol\u00f3gicas claras en el espacio del muro rocoso.<\/p>\n<p class=\"v1MsoNormal\">Estos descubrimientos reabren el debate sobre los or\u00edgenes del poblamiento americano y subrayan la singularidad del sitio en el contexto de la arqueolog\u00eda sudamericana. Ante la relevancia de estos hallazgos, se est\u00e1 produciendo un documental que cuenta con detalles todo el trabajo y la cooperaci\u00f3n franco-argentina en la Cueva Cacao.<\/p>\n<p class=\"v1MsoNormal\"><b>Interdisciplinariedad y nueva generaci\u00f3n de evidencias<\/b><\/p>\n<p class=\"v1MsoNormal\">El proyecto en la Cueva Cacao 1A se distingue por su enfoque interdisciplinario, integrando arqueolog\u00eda, geociencia, biolog\u00eda, paleoecolog\u00eda, bot\u00e1nica y t\u00e9cnicas anal\u00edticas de punta. Ha sido presentado bajo el lema &#8220;Investigaciones en cueva Cacao 1.a: interdisciplinariedad y nuevas l\u00edneas de evidencias&#8221;, como parte de las I Jornadas de Arqueolog\u00eda de Antofagasta de la Sierra organizadas por la Universidad Nacional de Catamarca.<\/p>\n<p class=\"v1MsoNormal\">Durante tres d\u00edas de trabajo se presentaron m\u00e1s de 40 ponencias sobre arte rupestre, paleoambiente, redes de asentamiento, ciencia participativa y provisi\u00f3n de materias primas l\u00edticas. El evento cont\u00f3 con paneles, mesas de di\u00e1logo, talleres y conferencias magistrales, y fue declarado de inter\u00e9s parlamentario por la C\u00e1mara de Diputados provincial.<\/p>\n<p class=\"v1MsoNormal\">La direcci\u00f3n cient\u00edfica de las excavaciones est\u00e1 a cargo de Eric Bo\u00ebda, profesor del Departamento de Antropolog\u00eda de la Universit\u00e9 Paris Nanterre y director del Equipo AnTET (Anthropologie des Techniques, des Espaces et des Territoires au Plioc\u00e8ne et Pl\u00e9istoc\u00e8ne), bajo la UMR ArScAn. Bo\u00ebda es un referente internacional de la tecnolog\u00eda l\u00edtica prehist\u00f3rica, disc\u00edpulo del legado de Leroi\u2011Gourhan y autor de numerosos trabajos sobre la evoluci\u00f3n t\u00e9cnica global de las herramientas de piedra.<\/p>\n<p class=\"v1MsoNormal\"><b>Compromiso y visi\u00f3n estrat\u00e9gica<\/b><\/p>\n<p class=\"v1MsoNormal\">Desde la gobernaci\u00f3n, el mandatario reafirm\u00f3 su compromiso de respaldar con recursos humanos, log\u00edsticos y pol\u00edticos este proyecto que -m\u00e1s all\u00e1 de su valor cient\u00edfico- tiene el potencial para posicionar a Catamarca como referente del patrimonio arqueol\u00f3gico continental.<\/p>\n<p class=\"v1MsoNormal\">El mandatario provincial sostuvo que este tipo de iniciativas no solo sirven para descubrir el pasado, sino para reivindicar nuestro territorio, fortalecer las identidades locales y proyectar oportunidades en ciencia, turismo cultural y desarrollo sostenible.<\/p>\n<p class=\"v1MsoNormal\">Para el desarrollo estrat\u00e9gico del sitio se promover\u00e1 una carta de intenci\u00f3n ante la Embajada de Francia para consolidar la colaboraci\u00f3n internacional; se facilitar\u00e1 el acceso y protecci\u00f3n del \u00e1rea (vinculaci\u00f3n con propietarios locales y autoridad territorial); habr\u00e1 una participaci\u00f3n activa en la difusi\u00f3n p\u00fablica del proyecto, con campa\u00f1as educativas y tur\u00edsticas de valorizaci\u00f3n patrimonial, y se apoyar\u00e1 la continuidad de las Jornadas arqueol\u00f3gicas en futuras ediciones, alternando sedes entre la ciudad capital y Antofagasta de la Sierra.<\/p>\n","protected":false},"excerpt":{"rendered":"<p>El sitio tiene el potencial para posicionar a Catamarca como referente del patrimonio arqueol\u00f3gico continental. En una jornada de profundo significado hist\u00f3rico y estrat\u00e9gico, el gobernador Ra\u00fal Jalil realiz\u00f3 una recorrida oficial por la Cueva Cacao 1A, en la confluencia de las quebradas de Curuto y Cacao (Antofagasta de la Sierra). All\u00ed fue informado sobre [&hellip;]<\/p>\n","protected":false},"author":2,"featured_media":4692,"comment_status":"open","ping_status":"open","sticky":false,"template":"","format":"standard","meta":{"footnotes":""},"categories":[21],"tags":[],"class_list":{"0":"post-4691","1":"post","2":"type-post","3":"status-publish","4":"format-standard","5":"has-post-thumbnail","7":"category-politica"},"aioseo_notices":[],"_links":{"self":[{"href":"https:\/\/elfaroonline.com.ar\/index.php\/wp-json\/wp\/v2\/posts\/4691","targetHints":{"allow":["GET"]}}],"collection":[{"href":"https:\/\/elfaroonline.com.ar\/index.php\/wp-json\/wp\/v2\/posts"}],"about":[{"href":"https:\/\/elfaroonline.com.ar\/index.php\/wp-json\/wp\/v2\/types\/post"}],"author":[{"embeddable":true,"href":"https:\/\/elfaroonline.com.ar\/index.php\/wp-json\/wp\/v2\/users\/2"}],"replies":[{"embeddable":true,"href":"https:\/\/elfaroonline.com.ar\/index.php\/wp-json\/wp\/v2\/comments?post=4691"}],"version-history":[{"count":1,"href":"https:\/\/elfaroonline.com.ar\/index.php\/wp-json\/wp\/v2\/posts\/4691\/revisions"}],"predecessor-version":[{"id":4693,"href":"https:\/\/elfaroonline.com.ar\/index.php\/wp-json\/wp\/v2\/posts\/4691\/revisions\/4693"}],"wp:featuredmedia":[{"embeddable":true,"href":"https:\/\/elfaroonline.com.ar\/index.php\/wp-json\/wp\/v2\/media\/4692"}],"wp:attachment":[{"href":"https:\/\/elfaroonline.com.ar\/index.php\/wp-json\/wp\/v2\/media?parent=4691"}],"wp:term":[{"taxonomy":"category","embeddable":true,"href":"https:\/\/elfaroonline.com.ar\/index.php\/wp-json\/wp\/v2\/categories?post=4691"},{"taxonomy":"post_tag","embeddable":true,"href":"https:\/\/elfaroonline.com.ar\/index.php\/wp-json\/wp\/v2\/tags?post=4691"}],"curies":[{"name":"wp","href":"https:\/\/api.w.org\/{rel}","templated":true}]}}