{"id":4697,"date":"2025-10-20T19:59:52","date_gmt":"2025-10-20T22:59:52","guid":{"rendered":"https:\/\/elfaroonline.com.ar\/?p=4697"},"modified":"2025-10-20T19:59:52","modified_gmt":"2025-10-20T22:59:52","slug":"la-comunidad-de-laguna-blanca-se-desarrolla-con-la-ruta-del-telar-y-capacitacion","status":"publish","type":"post","link":"https:\/\/elfaroonline.com.ar\/index.php\/2025\/10\/20\/la-comunidad-de-laguna-blanca-se-desarrolla-con-la-ruta-del-telar-y-capacitacion\/","title":{"rendered":"La comunidad de Laguna Blanca se desarrolla con la Ruta del Telar y capacitaci\u00f3n"},"content":{"rendered":"<p class=\"v1MsoNormal\"><i>La visita a la Puna cerr\u00f3 en un clima de encuentro y reconocimiento a la capacitaci\u00f3n local, que muestra el acompa\u00f1amiento al desarrollo de las familias del interior provincial.<\/i><\/p>\n<p class=\"v1MsoNormal\">Como parte de su agenda de trabajo en la Puna catamarque\u00f1a, el gobernador Ra\u00fal Jalil visit\u00f3 y acompa\u00f1\u00f3 en diversas actividades a los habitantes de Laguna Blanca. Tambi\u00e9n estuvieron presentes ministro de Gobierno, Fernando Monguillot, la ministra de Trabajo, Ver\u00f3nica Soria, las diputadas provinciales Claudia Palladino y Mar\u00eda Argerich, y el dirigente Juan Pablo S\u00e1nchez.<\/p>\n<p class=\"v1MsoNormal\">En el transcurso de la jornada, 21 vecinos de Laguna recibieron sus certificados del taller &#8220;Uso de Cocinas Solares y su Aplicaci\u00f3n en la Gastronom\u00eda Tradicional&#8221;, capacitaci\u00f3n que fue impulsada en articulaci\u00f3n con la Universidad Nacional de Catamarca y el Ministerio de Trabajo provincial, a trav\u00e9s del Campus de Entrenamiento Laboral, con el objetivo de promover el uso de energ\u00edas limpias y la valorizaci\u00f3n de la cocina ancestral.<\/p>\n<p class=\"v1MsoNormal\">En la instancia pr\u00e1ctica, las y los participantes elaboraron platos t\u00edpicos utilizando energ\u00eda solar, entre ellos recetas con carne de llama, papines andinos, quinoa y algarroba, combinando saberes tradicionales con innovaci\u00f3n tecnol\u00f3gica sustentable.<\/p>\n<p class=\"v1MsoNormal\">Posteriormente, las autoridades participaron de una muestra artesanal textil, donde 20 mujeres de las comunidades exhibieron sus trabajos en el marco del Programa de Formaci\u00f3n Profesional y Cultural de la Ruta del Telar por la UNESCO, una iniciativa que busca fortalecer el patrimonio cultural y las oportunidades econ\u00f3micas de las artesanas pune\u00f1as.<\/p>\n","protected":false},"excerpt":{"rendered":"<p>La visita a la Puna cerr\u00f3 en un clima de encuentro y reconocimiento a la capacitaci\u00f3n local, que muestra el acompa\u00f1amiento al desarrollo de las familias del interior provincial. Como parte de su agenda de trabajo en la Puna catamarque\u00f1a, el gobernador Ra\u00fal Jalil visit\u00f3 y acompa\u00f1\u00f3 en diversas actividades a los habitantes de Laguna [&hellip;]<\/p>\n","protected":false},"author":2,"featured_media":4698,"comment_status":"open","ping_status":"open","sticky":false,"template":"","format":"standard","meta":{"footnotes":""},"categories":[21],"tags":[],"class_list":{"0":"post-4697","1":"post","2":"type-post","3":"status-publish","4":"format-standard","5":"has-post-thumbnail","7":"category-politica"},"aioseo_notices":[],"_links":{"self":[{"href":"https:\/\/elfaroonline.com.ar\/index.php\/wp-json\/wp\/v2\/posts\/4697","targetHints":{"allow":["GET"]}}],"collection":[{"href":"https:\/\/elfaroonline.com.ar\/index.php\/wp-json\/wp\/v2\/posts"}],"about":[{"href":"https:\/\/elfaroonline.com.ar\/index.php\/wp-json\/wp\/v2\/types\/post"}],"author":[{"embeddable":true,"href":"https:\/\/elfaroonline.com.ar\/index.php\/wp-json\/wp\/v2\/users\/2"}],"replies":[{"embeddable":true,"href":"https:\/\/elfaroonline.com.ar\/index.php\/wp-json\/wp\/v2\/comments?post=4697"}],"version-history":[{"count":1,"href":"https:\/\/elfaroonline.com.ar\/index.php\/wp-json\/wp\/v2\/posts\/4697\/revisions"}],"predecessor-version":[{"id":4699,"href":"https:\/\/elfaroonline.com.ar\/index.php\/wp-json\/wp\/v2\/posts\/4697\/revisions\/4699"}],"wp:featuredmedia":[{"embeddable":true,"href":"https:\/\/elfaroonline.com.ar\/index.php\/wp-json\/wp\/v2\/media\/4698"}],"wp:attachment":[{"href":"https:\/\/elfaroonline.com.ar\/index.php\/wp-json\/wp\/v2\/media?parent=4697"}],"wp:term":[{"taxonomy":"category","embeddable":true,"href":"https:\/\/elfaroonline.com.ar\/index.php\/wp-json\/wp\/v2\/categories?post=4697"},{"taxonomy":"post_tag","embeddable":true,"href":"https:\/\/elfaroonline.com.ar\/index.php\/wp-json\/wp\/v2\/tags?post=4697"}],"curies":[{"name":"wp","href":"https:\/\/api.w.org\/{rel}","templated":true}]}}