{"id":4701,"date":"2025-10-20T20:02:03","date_gmt":"2025-10-20T23:02:03","guid":{"rendered":"https:\/\/elfaroonline.com.ar\/?p=4701"},"modified":"2025-10-20T20:02:03","modified_gmt":"2025-10-20T23:02:03","slug":"laguna-blanca-lleva-adelante-un-proyecto-de-cria-de-truchas-arco-iris-de-la-puna","status":"publish","type":"post","link":"https:\/\/elfaroonline.com.ar\/index.php\/2025\/10\/20\/laguna-blanca-lleva-adelante-un-proyecto-de-cria-de-truchas-arco-iris-de-la-puna\/","title":{"rendered":"Laguna Blanca lleva adelante un proyecto de cr\u00eda de truchas &#8220;Arco Iris de la Puna&#8221;"},"content":{"rendered":"<p class=\"v1MsoNormal\">Durante su visita a la Puna catamarque\u00f1a, el gobernador Ra\u00fal Jalil recorri\u00f3 el predio donde se instalan los piletones del proyecto &#8220;Arco Iris de la Puna&#8221; en la localidad de Laguna Blanca. Estuvo acompa\u00f1ado por el intendente de Villa Vil, Ram\u00f3n Guti\u00e9rrez, el ministro de Desarrollo Productivo, Leonardo Zeballos, el ministro de Gobierno, Seguridad y Justicia, Fernando Monguillot; la ministra de Trabajo, Ver\u00f3nica Soria, entre otras autoridades.<\/p>\n<p class=\"v1MsoNormal\">El proyecto de cr\u00eda de trucha arco\u00edris constituye una obra de alto valor productivo, tecnol\u00f3gico y ambiental para la regi\u00f3n. Su desarrollo contempla la construcci\u00f3n y puesta en funcionamiento de toda la infraestructura necesaria para el cultivo integral de trucha arco\u00edris, abarcando cada etapa del proceso: desde la sala de alevinaje, donde se realiza la cr\u00eda inicial de los ejemplares, hasta la fase de engorde y faena, con un producto final apto para el consumo.<\/p>\n<p class=\"v1MsoNormal\">El sistema cuenta con 16 piletones equipados con sopladores que inyectan ox\u00edgeno, garantizando las condiciones adecuadas para el crecimiento de los peces. A su vez, todo el complejo funciona mediante energ\u00eda solar, lo que refuerza su car\u00e1cter sustentable y su compromiso con la preservaci\u00f3n del entorno natural de la Puna catamarque\u00f1a.<\/p>\n<p class=\"v1MsoNormal\">La iniciativa incluye tambi\u00e9n la construcci\u00f3n de una sala de faena y una sala de alevinaje, completando una infraestructura moderna, eficiente y adaptada a las condiciones geogr\u00e1ficas de la zona. Adem\u00e1s de contribuir al abastecimiento local de alimentos, el proyecto apunta a fomentar el turismo y fortalecer el desarrollo econ\u00f3mico y social de Laguna Blanca y sus alrededores.<\/p>\n","protected":false},"excerpt":{"rendered":"<p>Durante su visita a la Puna catamarque\u00f1a, el gobernador Ra\u00fal Jalil recorri\u00f3 el predio donde se instalan los piletones del proyecto &#8220;Arco Iris de la Puna&#8221; en la localidad de Laguna Blanca. Estuvo acompa\u00f1ado por el intendente de Villa Vil, Ram\u00f3n Guti\u00e9rrez, el ministro de Desarrollo Productivo, Leonardo Zeballos, el ministro de Gobierno, Seguridad y [&hellip;]<\/p>\n","protected":false},"author":2,"featured_media":4702,"comment_status":"open","ping_status":"open","sticky":false,"template":"","format":"standard","meta":{"footnotes":""},"categories":[20],"tags":[],"class_list":{"0":"post-4701","1":"post","2":"type-post","3":"status-publish","4":"format-standard","5":"has-post-thumbnail","7":"category-sociedad"},"aioseo_notices":[],"_links":{"self":[{"href":"https:\/\/elfaroonline.com.ar\/index.php\/wp-json\/wp\/v2\/posts\/4701","targetHints":{"allow":["GET"]}}],"collection":[{"href":"https:\/\/elfaroonline.com.ar\/index.php\/wp-json\/wp\/v2\/posts"}],"about":[{"href":"https:\/\/elfaroonline.com.ar\/index.php\/wp-json\/wp\/v2\/types\/post"}],"author":[{"embeddable":true,"href":"https:\/\/elfaroonline.com.ar\/index.php\/wp-json\/wp\/v2\/users\/2"}],"replies":[{"embeddable":true,"href":"https:\/\/elfaroonline.com.ar\/index.php\/wp-json\/wp\/v2\/comments?post=4701"}],"version-history":[{"count":1,"href":"https:\/\/elfaroonline.com.ar\/index.php\/wp-json\/wp\/v2\/posts\/4701\/revisions"}],"predecessor-version":[{"id":4703,"href":"https:\/\/elfaroonline.com.ar\/index.php\/wp-json\/wp\/v2\/posts\/4701\/revisions\/4703"}],"wp:featuredmedia":[{"embeddable":true,"href":"https:\/\/elfaroonline.com.ar\/index.php\/wp-json\/wp\/v2\/media\/4702"}],"wp:attachment":[{"href":"https:\/\/elfaroonline.com.ar\/index.php\/wp-json\/wp\/v2\/media?parent=4701"}],"wp:term":[{"taxonomy":"category","embeddable":true,"href":"https:\/\/elfaroonline.com.ar\/index.php\/wp-json\/wp\/v2\/categories?post=4701"},{"taxonomy":"post_tag","embeddable":true,"href":"https:\/\/elfaroonline.com.ar\/index.php\/wp-json\/wp\/v2\/tags?post=4701"}],"curies":[{"name":"wp","href":"https:\/\/api.w.org\/{rel}","templated":true}]}}