{"id":4704,"date":"2025-10-20T20:04:57","date_gmt":"2025-10-20T23:04:57","guid":{"rendered":"https:\/\/elfaroonline.com.ar\/?p=4704"},"modified":"2025-10-20T20:04:57","modified_gmt":"2025-10-20T23:04:57","slug":"la-caja-de-credito-provincial-relanza-facilidades-para-acceder-a-conexiones-internas-de-gas-natural","status":"publish","type":"post","link":"https:\/\/elfaroonline.com.ar\/index.php\/2025\/10\/20\/la-caja-de-credito-provincial-relanza-facilidades-para-acceder-a-conexiones-internas-de-gas-natural\/","title":{"rendered":"La Caja de Cr\u00e9dito Provincial relanza facilidades para acceder a conexiones internas de gas natural"},"content":{"rendered":"<p class=\"v1MsoNormal\">En el marco de su pol\u00edtica de acompa\u00f1amiento a las familias catamarque\u00f1as, la Caja de Cr\u00e9dito y Prestaciones Provincial (CCyPP) confirm\u00f3 el relanzamiento de una l\u00ednea de cr\u00e9dito para que los catamarque\u00f1os puedan acceder a conexiones domiciliarias de gas natural.<\/p>\n<p class=\"v1MsoNormal\">\n<p class=\"v1MsoNormal\">La misma permitir\u00e1 otorgar el financiamiento integral para cubrir la obra de conexi\u00f3n interna de gas natural, materiales e instalaci\u00f3n con tasas preferenciales en distintos barrios de la provincia por donde pasa la red troncal de gas.<\/p>\n<p class=\"v1MsoNormal\">\n<p class=\"v1MsoNormal\">La l\u00ednea de cr\u00e9dito no s\u00f3lo incluir\u00e1 a los empleados p\u00fablicos sino a todos aquellos que puedan acreditar ingresos, siempre que presenten un garante.<\/p>\n<p class=\"v1MsoNormal\">\n<p class=\"v1MsoNormal\">Desde la Direcci\u00f3n Ejecutiva de la Caja de Cr\u00e9dito y Prestaciones destacaron que esta iniciativa responde a una demanda de los hogares catamarque\u00f1os que a\u00fan no cuentan con conexi\u00f3n a la red de gas.<\/p>\n<p class=\"v1MsoNormal\">\n<p class=\"v1MsoNormal\"><b>Inclusi\u00f3n energ\u00e9tica<\/b><\/p>\n<p class=\"v1MsoNormal\">\n<p class=\"v1MsoNormal\">La iniciativa, como dijeron desde el organismo, se enmarca en una pol\u00edtica de inclusi\u00f3n energ\u00e9tica impulsada por el gobierno provincial, que busca mejorar la calidad de vida de la poblaci\u00f3n y promover el desarrollo de Catamarca.<\/p>\n<p class=\"v1MsoNormal\">\n<p class=\"v1MsoNormal\">La propuesta se complementa con la expansi\u00f3n de la red de gas que busca implementar la Provincia, permitiendo nuevas habilitaciones domiciliarias en distintos departamentos.<\/p>\n<p class=\"v1MsoNormal\">\n<p class=\"v1MsoNormal\"><b>Inscripciones y requisitos<\/b><\/p>\n<p class=\"v1MsoNormal\">\n<p class=\"v1MsoNormal\">Las autoridades de la Caja anticiparon que se habilitar\u00e1n pr\u00f3ximamente las inscripciones para los interesados, quienes podr\u00e1n consultar los requisitos y condiciones en las oficinas centrales o a trav\u00e9s del portal web institucional.<\/p>\n","protected":false},"excerpt":{"rendered":"<p>En el marco de su pol\u00edtica de acompa\u00f1amiento a las familias catamarque\u00f1as, la Caja de Cr\u00e9dito y Prestaciones Provincial (CCyPP) confirm\u00f3 el relanzamiento de una l\u00ednea de cr\u00e9dito para que los catamarque\u00f1os puedan acceder a conexiones domiciliarias de gas natural. La misma permitir\u00e1 otorgar el financiamiento integral para cubrir la obra de conexi\u00f3n interna de [&hellip;]<\/p>\n","protected":false},"author":2,"featured_media":4705,"comment_status":"open","ping_status":"open","sticky":false,"template":"","format":"standard","meta":{"footnotes":""},"categories":[20],"tags":[],"class_list":{"0":"post-4704","1":"post","2":"type-post","3":"status-publish","4":"format-standard","5":"has-post-thumbnail","7":"category-sociedad"},"aioseo_notices":[],"_links":{"self":[{"href":"https:\/\/elfaroonline.com.ar\/index.php\/wp-json\/wp\/v2\/posts\/4704","targetHints":{"allow":["GET"]}}],"collection":[{"href":"https:\/\/elfaroonline.com.ar\/index.php\/wp-json\/wp\/v2\/posts"}],"about":[{"href":"https:\/\/elfaroonline.com.ar\/index.php\/wp-json\/wp\/v2\/types\/post"}],"author":[{"embeddable":true,"href":"https:\/\/elfaroonline.com.ar\/index.php\/wp-json\/wp\/v2\/users\/2"}],"replies":[{"embeddable":true,"href":"https:\/\/elfaroonline.com.ar\/index.php\/wp-json\/wp\/v2\/comments?post=4704"}],"version-history":[{"count":1,"href":"https:\/\/elfaroonline.com.ar\/index.php\/wp-json\/wp\/v2\/posts\/4704\/revisions"}],"predecessor-version":[{"id":4706,"href":"https:\/\/elfaroonline.com.ar\/index.php\/wp-json\/wp\/v2\/posts\/4704\/revisions\/4706"}],"wp:featuredmedia":[{"embeddable":true,"href":"https:\/\/elfaroonline.com.ar\/index.php\/wp-json\/wp\/v2\/media\/4705"}],"wp:attachment":[{"href":"https:\/\/elfaroonline.com.ar\/index.php\/wp-json\/wp\/v2\/media?parent=4704"}],"wp:term":[{"taxonomy":"category","embeddable":true,"href":"https:\/\/elfaroonline.com.ar\/index.php\/wp-json\/wp\/v2\/categories?post=4704"},{"taxonomy":"post_tag","embeddable":true,"href":"https:\/\/elfaroonline.com.ar\/index.php\/wp-json\/wp\/v2\/tags?post=4704"}],"curies":[{"name":"wp","href":"https:\/\/api.w.org\/{rel}","templated":true}]}}