{"id":4707,"date":"2025-10-20T20:07:34","date_gmt":"2025-10-20T23:07:34","guid":{"rendered":"https:\/\/elfaroonline.com.ar\/?p=4707"},"modified":"2025-10-20T20:07:34","modified_gmt":"2025-10-20T23:07:34","slug":"pasajero-quedo-detenido-por-viajar-en-un-omnibus-con-marihuana","status":"publish","type":"post","link":"https:\/\/elfaroonline.com.ar\/index.php\/2025\/10\/20\/pasajero-quedo-detenido-por-viajar-en-un-omnibus-con-marihuana\/","title":{"rendered":"Pasajero qued\u00f3 detenido por viajar en un \u00f3mnibus con marihuana"},"content":{"rendered":"<p class=\"v1MsoNormal\"><i>Al momento de registrar el interior del rodado, los gendarmes hallaron dos paquetes con la droga, que se encontraban debajo del asiento del ciudadano y a la altura de la cintura.<\/i><\/p>\n<p class=\"v1MsoNormal\">\n<p class=\"v1MsoNormal\">En un procedimiento llevado a cabo sobre la Ruta Nacional N\u00ba 38, a la altura de la localidad de Palo Labrado, departamento Pacl\u00edn, integrantes de la <b>Secci\u00f3n N\u00facleo<\/b> del <b>Escuadr\u00f3n 67 &#8220;Catamarca&#8221;<\/b>procedieron al control de un transporte de pasajeros proveniente de la ciudad Or\u00e1n (Salta), con destino a la provincia de Mendoza.<\/p>\n<p class=\"v1MsoNormal\">\n<p class=\"v1MsoNormal\">Durante la inspecci\u00f3n de los pasajeros, los <b>efectivos<\/b>constataron que un ciudadano mayor de edad transportaba <b>dos paquetes rectangulares<\/b>, de los cuales uno se encontraba oculto a la altura de la cintura y otro debajo del asiento.<\/p>\n<p class=\"v1MsoNormal\">\n<p class=\"v1MsoNormal\">Al detectar que los &#8220;panes&#8221; conten\u00edan una sustancia vegetal color verde amarronada, que emanaba un olor caracter\u00edstico al de la marihuana, fueron sometidas a las pruebas de campo Narcotest, arrojando resultado positivo para <b>cannabis sativa<\/b>, con un peso aproximado de <b>473 gramos<\/b>.<\/p>\n<p class=\"v1MsoNormal\">\n<p class=\"v1MsoNormal\">En el hecho, tom\u00f3 intervenci\u00f3n el Juzgado Federal de Catamarca, que dispuso el secuestro de la sustancia y dem\u00e1s elementos de inter\u00e9s, como tambi\u00e9n que se proceda a la detenci\u00f3n del involucrado.<\/p>\n","protected":false},"excerpt":{"rendered":"<p>Al momento de registrar el interior del rodado, los gendarmes hallaron dos paquetes con la droga, que se encontraban debajo del asiento del ciudadano y a la altura de la cintura. En un procedimiento llevado a cabo sobre la Ruta Nacional N\u00ba 38, a la altura de la localidad de Palo Labrado, departamento Pacl\u00edn, integrantes [&hellip;]<\/p>\n","protected":false},"author":2,"featured_media":4708,"comment_status":"open","ping_status":"open","sticky":false,"template":"","format":"standard","meta":{"footnotes":""},"categories":[27],"tags":[],"class_list":{"0":"post-4707","1":"post","2":"type-post","3":"status-publish","4":"format-standard","5":"has-post-thumbnail","7":"category-policiales"},"aioseo_notices":[],"_links":{"self":[{"href":"https:\/\/elfaroonline.com.ar\/index.php\/wp-json\/wp\/v2\/posts\/4707","targetHints":{"allow":["GET"]}}],"collection":[{"href":"https:\/\/elfaroonline.com.ar\/index.php\/wp-json\/wp\/v2\/posts"}],"about":[{"href":"https:\/\/elfaroonline.com.ar\/index.php\/wp-json\/wp\/v2\/types\/post"}],"author":[{"embeddable":true,"href":"https:\/\/elfaroonline.com.ar\/index.php\/wp-json\/wp\/v2\/users\/2"}],"replies":[{"embeddable":true,"href":"https:\/\/elfaroonline.com.ar\/index.php\/wp-json\/wp\/v2\/comments?post=4707"}],"version-history":[{"count":1,"href":"https:\/\/elfaroonline.com.ar\/index.php\/wp-json\/wp\/v2\/posts\/4707\/revisions"}],"predecessor-version":[{"id":4709,"href":"https:\/\/elfaroonline.com.ar\/index.php\/wp-json\/wp\/v2\/posts\/4707\/revisions\/4709"}],"wp:featuredmedia":[{"embeddable":true,"href":"https:\/\/elfaroonline.com.ar\/index.php\/wp-json\/wp\/v2\/media\/4708"}],"wp:attachment":[{"href":"https:\/\/elfaroonline.com.ar\/index.php\/wp-json\/wp\/v2\/media?parent=4707"}],"wp:term":[{"taxonomy":"category","embeddable":true,"href":"https:\/\/elfaroonline.com.ar\/index.php\/wp-json\/wp\/v2\/categories?post=4707"},{"taxonomy":"post_tag","embeddable":true,"href":"https:\/\/elfaroonline.com.ar\/index.php\/wp-json\/wp\/v2\/tags?post=4707"}],"curies":[{"name":"wp","href":"https:\/\/api.w.org\/{rel}","templated":true}]}}