{"id":4710,"date":"2025-10-20T20:13:39","date_gmt":"2025-10-20T23:13:39","guid":{"rendered":"https:\/\/elfaroonline.com.ar\/?p=4710"},"modified":"2025-10-20T20:13:39","modified_gmt":"2025-10-20T23:13:39","slug":"beneficiarios-de-becas-provinciales-ya-reciben-sus-tarjetas-de-credito","status":"publish","type":"post","link":"https:\/\/elfaroonline.com.ar\/index.php\/2025\/10\/20\/beneficiarios-de-becas-provinciales-ya-reciben-sus-tarjetas-de-credito\/","title":{"rendered":"Beneficiarios de Becas provinciales ya reciben sus tarjetas de cr\u00e9dito"},"content":{"rendered":"<div>\n<p class=\"v1MsoNormal\">Desde este lunes, los beneficiarios de Becas Catamarca Incluye (Categor\u00eda General) ya reciben sus correspondientes tarjetas de cr\u00e9dito del Banco de la Naci\u00f3n Argentina, que les permitir\u00e1 acceder a los beneficios del Marcat\u00f3n, entre otras promociones.<\/p>\n<p class=\"v1MsoNormal\">El tr\u00e1mite es personal y deben concurrir con DNI al pabell\u00f3n 10 del CAPE. Vale mencionar que, para acceder a la tarjeta deben contar con situaci\u00f3n crediticia positiva.<\/p>\n<p class=\"v1MsoNormal\">Los beneficiarios podr\u00e1n tramitar su tarjeta los pr\u00f3ximos d\u00edas, de acuerdo a este cronograma:<\/p>\n<p class=\"v1MsoNormal\"><b>-Martes 21 de octubre <\/b><\/p>\n<p class=\"v1MsoNormal\">09:00 a 12:00: beneficiarios cuyo apellido comience con C.<\/p>\n<p class=\"v1MsoNormal\">12:00 a 15:00: beneficiarios cuyo apellido comience con D, E y F.<\/p>\n<p class=\"v1MsoNormal\"><b>-Mi\u00e9rcoles 22 de octubre <\/b><\/p>\n<p class=\"v1MsoNormal\">09:00 a 13:00: beneficiarios cuyo apellido comience con G, H, I y J.<\/p>\n<p class=\"v1MsoNormal\">13:00 a 15:00: beneficiarios cuyo apellido comience con K, L y M.<\/p>\n<p class=\"v1MsoNormal\"><b>&#8211;<\/b><b>Jueves 23 de octubre <\/b><\/p>\n<p class=\"v1MsoNormal\">09:00 a 12:00: beneficiarios cuyo apellido comience con N, \u0143 y O.<\/p>\n<p class=\"v1MsoNormal\">12:00 a 15:00: beneficiarios cuyo apellido comience con P, Q y R.<\/p>\n<p class=\"v1MsoNormal\"><b>&#8211;<\/b><b>Viernes 24 de octubre <\/b><\/p>\n<p class=\"v1MsoNormal\">09:00 a 12:00: beneficiarios cuyo apellido comience con S, T y U.<\/p>\n<p class=\"v1MsoNormal\">12:00 a 15:00: beneficiarios cuyo apellido comience con V, W, Y y Z.<\/p>\n<\/div>\n<p><span class=\"v1gmail_signature_prefix\">&#8212;<\/span><\/p>\n","protected":false},"excerpt":{"rendered":"<p>Desde este lunes, los beneficiarios de Becas Catamarca Incluye (Categor\u00eda General) ya reciben sus correspondientes tarjetas de cr\u00e9dito del Banco de la Naci\u00f3n Argentina, que les permitir\u00e1 acceder a los beneficios del Marcat\u00f3n, entre otras promociones. El tr\u00e1mite es personal y deben concurrir con DNI al pabell\u00f3n 10 del CAPE. Vale mencionar que, para acceder [&hellip;]<\/p>\n","protected":false},"author":2,"featured_media":4714,"comment_status":"open","ping_status":"open","sticky":false,"template":"","format":"standard","meta":{"footnotes":""},"categories":[23,20],"tags":[],"class_list":{"0":"post-4710","1":"post","2":"type-post","3":"status-publish","4":"format-standard","5":"has-post-thumbnail","7":"category-destacados","8":"category-sociedad"},"aioseo_notices":[],"_links":{"self":[{"href":"https:\/\/elfaroonline.com.ar\/index.php\/wp-json\/wp\/v2\/posts\/4710","targetHints":{"allow":["GET"]}}],"collection":[{"href":"https:\/\/elfaroonline.com.ar\/index.php\/wp-json\/wp\/v2\/posts"}],"about":[{"href":"https:\/\/elfaroonline.com.ar\/index.php\/wp-json\/wp\/v2\/types\/post"}],"author":[{"embeddable":true,"href":"https:\/\/elfaroonline.com.ar\/index.php\/wp-json\/wp\/v2\/users\/2"}],"replies":[{"embeddable":true,"href":"https:\/\/elfaroonline.com.ar\/index.php\/wp-json\/wp\/v2\/comments?post=4710"}],"version-history":[{"count":1,"href":"https:\/\/elfaroonline.com.ar\/index.php\/wp-json\/wp\/v2\/posts\/4710\/revisions"}],"predecessor-version":[{"id":4713,"href":"https:\/\/elfaroonline.com.ar\/index.php\/wp-json\/wp\/v2\/posts\/4710\/revisions\/4713"}],"wp:featuredmedia":[{"embeddable":true,"href":"https:\/\/elfaroonline.com.ar\/index.php\/wp-json\/wp\/v2\/media\/4714"}],"wp:attachment":[{"href":"https:\/\/elfaroonline.com.ar\/index.php\/wp-json\/wp\/v2\/media?parent=4710"}],"wp:term":[{"taxonomy":"category","embeddable":true,"href":"https:\/\/elfaroonline.com.ar\/index.php\/wp-json\/wp\/v2\/categories?post=4710"},{"taxonomy":"post_tag","embeddable":true,"href":"https:\/\/elfaroonline.com.ar\/index.php\/wp-json\/wp\/v2\/tags?post=4710"}],"curies":[{"name":"wp","href":"https:\/\/api.w.org\/{rel}","templated":true}]}}