{"id":4715,"date":"2025-10-20T20:16:12","date_gmt":"2025-10-20T23:16:12","guid":{"rendered":"https:\/\/elfaroonline.com.ar\/?p=4715"},"modified":"2025-10-20T20:16:12","modified_gmt":"2025-10-20T23:16:12","slug":"el-gobernador-recorrio-la-obra-de-asfaltado-en-valle-viejo","status":"publish","type":"post","link":"https:\/\/elfaroonline.com.ar\/index.php\/2025\/10\/20\/el-gobernador-recorrio-la-obra-de-asfaltado-en-valle-viejo\/","title":{"rendered":"El Gobernador recorri\u00f3 la obra de asfaltado en Valle Viejo"},"content":{"rendered":"<p class=\"v1MsoNormal\"><span lang=\"ES\">El gobernador Ra\u00fal Jalil recorri\u00f3 junto a la intendenta de Valle Viejo, Susana Zenteno, y al director de Vialidad Provincial, Fernando Castillo, los trabajos de obra b\u00e1sica y pavimentaci\u00f3n que se ejecutan en la avenida Tom\u00e1s A. Vergara, una de las arterias m\u00e1s transitadas del departamento. <\/span><\/p>\n<p class=\"v1MsoNormal\"><span lang=\"ES\">Los trabajos incluyen la escarificaci\u00f3n de la capa de rodamiento existente y su traslado a dep\u00f3sito, la preparaci\u00f3n de la subrasante, la construcci\u00f3n de una base granular de 15 cent\u00edmetros de espesor, imprimaci\u00f3n bituminosa, riego de liga y la colocaci\u00f3n de una carpeta de concreto asf\u00e1ltico en caliente de 4 cent\u00edmetros de espesor.<\/span><\/p>\n<p class=\"v1MsoNormal\"><span lang=\"ES\">Hasta el momento se ejecutaron 600 metros de pavimento y se avanza en la preparaci\u00f3n de otros 300 metros, hasta alcanzar la avenida Enrique Ocampo.<\/span><\/p>\n<p class=\"v1MsoNormal\"><span lang=\"ES\">La intervenci\u00f3n forma parte del Plan de Asfaltado Provincial que el Gobierno lleva adelante en distintos puntos de Valle Viejo, con el objetivo de mejorar la infraestructura vial del departamento.\u00a0<\/span><\/p>\n","protected":false},"excerpt":{"rendered":"<p>El gobernador Ra\u00fal Jalil recorri\u00f3 junto a la intendenta de Valle Viejo, Susana Zenteno, y al director de Vialidad Provincial, Fernando Castillo, los trabajos de obra b\u00e1sica y pavimentaci\u00f3n que se ejecutan en la avenida Tom\u00e1s A. Vergara, una de las arterias m\u00e1s transitadas del departamento. Los trabajos incluyen la escarificaci\u00f3n de la capa de [&hellip;]<\/p>\n","protected":false},"author":2,"featured_media":4716,"comment_status":"open","ping_status":"open","sticky":false,"template":"","format":"standard","meta":{"footnotes":""},"categories":[23,21],"tags":[],"class_list":{"0":"post-4715","1":"post","2":"type-post","3":"status-publish","4":"format-standard","5":"has-post-thumbnail","7":"category-destacados","8":"category-politica"},"aioseo_notices":[],"_links":{"self":[{"href":"https:\/\/elfaroonline.com.ar\/index.php\/wp-json\/wp\/v2\/posts\/4715","targetHints":{"allow":["GET"]}}],"collection":[{"href":"https:\/\/elfaroonline.com.ar\/index.php\/wp-json\/wp\/v2\/posts"}],"about":[{"href":"https:\/\/elfaroonline.com.ar\/index.php\/wp-json\/wp\/v2\/types\/post"}],"author":[{"embeddable":true,"href":"https:\/\/elfaroonline.com.ar\/index.php\/wp-json\/wp\/v2\/users\/2"}],"replies":[{"embeddable":true,"href":"https:\/\/elfaroonline.com.ar\/index.php\/wp-json\/wp\/v2\/comments?post=4715"}],"version-history":[{"count":1,"href":"https:\/\/elfaroonline.com.ar\/index.php\/wp-json\/wp\/v2\/posts\/4715\/revisions"}],"predecessor-version":[{"id":4717,"href":"https:\/\/elfaroonline.com.ar\/index.php\/wp-json\/wp\/v2\/posts\/4715\/revisions\/4717"}],"wp:featuredmedia":[{"embeddable":true,"href":"https:\/\/elfaroonline.com.ar\/index.php\/wp-json\/wp\/v2\/media\/4716"}],"wp:attachment":[{"href":"https:\/\/elfaroonline.com.ar\/index.php\/wp-json\/wp\/v2\/media?parent=4715"}],"wp:term":[{"taxonomy":"category","embeddable":true,"href":"https:\/\/elfaroonline.com.ar\/index.php\/wp-json\/wp\/v2\/categories?post=4715"},{"taxonomy":"post_tag","embeddable":true,"href":"https:\/\/elfaroonline.com.ar\/index.php\/wp-json\/wp\/v2\/tags?post=4715"}],"curies":[{"name":"wp","href":"https:\/\/api.w.org\/{rel}","templated":true}]}}