{"id":4718,"date":"2025-10-20T20:21:31","date_gmt":"2025-10-20T23:21:31","guid":{"rendered":"https:\/\/elfaroonline.com.ar\/?p=4718"},"modified":"2025-10-20T20:21:31","modified_gmt":"2025-10-20T23:21:31","slug":"la-banda-de-gendarmes-que-cobraba-coimas-de-hasta-600-mil-por-transferencia-y-tenia-a-un-civil-de-cajero","status":"publish","type":"post","link":"https:\/\/elfaroonline.com.ar\/index.php\/2025\/10\/20\/la-banda-de-gendarmes-que-cobraba-coimas-de-hasta-600-mil-por-transferencia-y-tenia-a-un-civil-de-cajero\/","title":{"rendered":"La banda de gendarmes que cobraba coimas de hasta $600 mil por transferencia y ten\u00eda a un civil de cajero"},"content":{"rendered":"<p>La justicia federal de C\u00f3rdoba imput\u00f3 a 23 uniformados, entre los que hay una jefa de secci\u00f3n, y al recadudador. Son 11 los oficiales que est\u00e1n presos.<\/p>\n<p class=\"paragraph\">\u201c<b>Se est\u00e1n identificando m\u00e1s camioneros v\u00edctimas<\/b>a partir del an\u00e1lisis de las transferencias realizadas. En general, <b>tienen miedo<\/b>\u201d, explicaron fuentes oficiales a <b>Infobae<\/b>, en una causa que a\u00fan no ha visto el techo todav\u00eda.<\/p>\n<p class=\"paragraph\">El dato curioso del caso: los allanamientos y las detenciones <b>los realiz\u00f3 la misma Gendarmer\u00eda Nacional<\/b> cuando en expedientes as\u00ed se suele recurrir a otra fuerza federal.<\/p>\n<p class=\"paragraph\">El caso se comenz\u00f3 a investigar en febrero pasado. Ante la Fiscal\u00eda Federal de R\u00edo Cuarto de Cabanillas<b> lleg\u00f3 la denuncia de un camionero<\/b>. Seg\u00fan las fuentes del caso, cont\u00f3 que \u201chab\u00eda sido v\u00edctima en reiteradas oportunidades de <b>pedidos de dinero<\/b>\u201d por parte de personal de la Secci\u00f3n de Seguridad Vial &#8216;<b>Sampacho\u2019<\/b> de la Gendarmer\u00eda Nacional. Las coimas se las exig\u00edan en la <b>Ruta Nacional N\u00b08<\/b>.<\/p>\n<p class=\"paragraph\">No fue el \u00fanico. Tiempo despu\u00e9s, otras <b>dos denuncias similares<\/b>, y cuyas v\u00edctimas tambi\u00e9n eran transportistas -uno proveniente de otra provincia-, se sumaron al expediente. <b>\u201cRelataron hechos similares, sin mantener v\u00ednculo entre s\u00ed\u201d<\/b>, aportaron las fuentes como dato que le aport\u00f3 veracidad a lo que describ\u00edan.<\/p>\n<p class=\"paragraph\">As\u00ed, ya para ese entonces, en el expediente hab\u00eda una idea acabada sobre <b>las sumas solicitadas en los sobornos (que iban de los $50 a los 600 mil pesos)<\/b>, los horarios de patrullaje y los m\u00e9todos de extorsi\u00f3n de los gendarmes sobre la Ruta Nacional N\u00b08.<\/p>\n<p class=\"paragraph\">La investigaci\u00f3n de la Fiscal\u00eda Federal de R\u00edo Cuarto deriv\u00f3 en <b>m\u00e1s de 25 allanamientos simult\u00e1neos<\/b> en distintas provincias, como C\u00f3rdoba, San Juan, Salta, Catamarca y Santa Fe.<\/p>\n<p class=\"paragraph\">Como resultado de esos procedimientos, fueron detenidos en septiembre pasado 13 gendarmes, entre ellos la Jefa de la Secci\u00f3n, <b>Anal\u00eda Galian<\/b>; y<b>un particular, quien ser\u00eda quien aportaba el alias para los pagos<\/b> de las coimas mediante transferencias y luego repart\u00eda el dinero a los involucrados en la maniobra ilegal.<\/p>\n<p class=\"paragraph\"><b>\u201cActualmente, 11 siguen detenidos\u201d<\/b>, dijeron a este medio y otras fuentes del caso destacaron que <b>\u201cGail\u00e1n tiene prisi\u00f3n domiciliaria\u201d<\/b>. Ya para octubre, la imputaci\u00f3n abarca a 24 sospechosos, 23 son gendarmes.<\/p>\n<p class=\"paragraph\">Seg\u00fan el expediente,<b> entre julio de 2024 y septiembre de 2025<\/b>, los sospechosos habr\u00edan exigido y percibido dinero a camioneros a cambio de permitirles continuar viaje durante controles realizados sobre la Ruta Nacional N\u00ba8.<\/p>\n<p class=\"paragraph\">Las maniobras de cobro de las coimas se habr\u00edan concretado mediante<b> pagos en efectivo y a trav\u00e9s de transferencias a billeteras virtuales<\/b>. Por eso, el fiscal federal <b>Cabanillas<\/b>, en un expediente que lleva el juzgado de <b>Carlos Ochoa<\/b>, les endilga a los imputados delitos como \u201casociaci\u00f3n il\u00edcita y 10 hechos de exacciones ilegales agravadas\u201d.<\/p>\n<p class=\"paragraph\">En el marco de esta causa, la <b>Direcci\u00f3n de Asuntos Internos <\/b>de la Gendarmer\u00eda condujo <b>investigaciones encubiertas <\/b>con intervenci\u00f3n de <b>escuchas, vigilancia y toma de registros.<\/b><\/p>\n<p class=\"paragraph\">En los allanamientos hechos por la fuerza federal, a los gendarmes se les secuestraron los tel\u00e9fonos, documentaci\u00f3n y dispositivos de inter\u00e9s. A los que no resultaron detenidos inicialmente, solo se los notifico de que estaban imputados.<\/p>\n","protected":false},"excerpt":{"rendered":"<p>La justicia federal de C\u00f3rdoba imput\u00f3 a 23 uniformados, entre los que hay una jefa de secci\u00f3n, y al recadudador. Son 11 los oficiales que est\u00e1n presos. \u201cSe est\u00e1n identificando m\u00e1s camioneros v\u00edctimasa partir del an\u00e1lisis de las transferencias realizadas. En general, tienen miedo\u201d, explicaron fuentes oficiales a Infobae, en una causa que a\u00fan no [&hellip;]<\/p>\n","protected":false},"author":2,"featured_media":4719,"comment_status":"open","ping_status":"open","sticky":false,"template":"","format":"standard","meta":{"footnotes":""},"categories":[22,27],"tags":[],"class_list":{"0":"post-4718","1":"post","2":"type-post","3":"status-publish","4":"format-standard","5":"has-post-thumbnail","7":"category-nacionales","8":"category-policiales"},"aioseo_notices":[],"_links":{"self":[{"href":"https:\/\/elfaroonline.com.ar\/index.php\/wp-json\/wp\/v2\/posts\/4718","targetHints":{"allow":["GET"]}}],"collection":[{"href":"https:\/\/elfaroonline.com.ar\/index.php\/wp-json\/wp\/v2\/posts"}],"about":[{"href":"https:\/\/elfaroonline.com.ar\/index.php\/wp-json\/wp\/v2\/types\/post"}],"author":[{"embeddable":true,"href":"https:\/\/elfaroonline.com.ar\/index.php\/wp-json\/wp\/v2\/users\/2"}],"replies":[{"embeddable":true,"href":"https:\/\/elfaroonline.com.ar\/index.php\/wp-json\/wp\/v2\/comments?post=4718"}],"version-history":[{"count":1,"href":"https:\/\/elfaroonline.com.ar\/index.php\/wp-json\/wp\/v2\/posts\/4718\/revisions"}],"predecessor-version":[{"id":4720,"href":"https:\/\/elfaroonline.com.ar\/index.php\/wp-json\/wp\/v2\/posts\/4718\/revisions\/4720"}],"wp:featuredmedia":[{"embeddable":true,"href":"https:\/\/elfaroonline.com.ar\/index.php\/wp-json\/wp\/v2\/media\/4719"}],"wp:attachment":[{"href":"https:\/\/elfaroonline.com.ar\/index.php\/wp-json\/wp\/v2\/media?parent=4718"}],"wp:term":[{"taxonomy":"category","embeddable":true,"href":"https:\/\/elfaroonline.com.ar\/index.php\/wp-json\/wp\/v2\/categories?post=4718"},{"taxonomy":"post_tag","embeddable":true,"href":"https:\/\/elfaroonline.com.ar\/index.php\/wp-json\/wp\/v2\/tags?post=4718"}],"curies":[{"name":"wp","href":"https:\/\/api.w.org\/{rel}","templated":true}]}}