{"id":4721,"date":"2025-10-27T19:19:58","date_gmt":"2025-10-27T22:19:58","guid":{"rendered":"https:\/\/elfaroonline.com.ar\/?p=4721"},"modified":"2025-10-27T19:19:58","modified_gmt":"2025-10-27T22:19:58","slug":"catamarca-avanza-hacia-la-energia-renovable-bgh-construira-un-parque-solar-de-10-mw-en-valle-chico","status":"publish","type":"post","link":"https:\/\/elfaroonline.com.ar\/index.php\/2025\/10\/27\/catamarca-avanza-hacia-la-energia-renovable-bgh-construira-un-parque-solar-de-10-mw-en-valle-chico\/","title":{"rendered":"Catamarca avanza hacia la energ\u00eda renovable: BGH construir\u00e1 un parque solar de 10 MW en Valle Chico"},"content":{"rendered":"<p class=\"v1MsoNormal\">En Casa de Gobierno, el gobernador Ra\u00fal Jalil recibi\u00f3, junto al ministro de Gobierno, Seguridad y Justicia, Fernando Monguillot y el ministro de Agua, Energ\u00eda y Medio Ambiente, Eduardo Niederle, al representante del Grupo BGH, Manuel P\u00e9rez Larraburu, para dialogar sobre obras de energ\u00eda que la compa\u00f1\u00eda iniciar\u00e1 en Capital.<\/p>\n<p class=\"v1MsoNormal\">El proyecto de obra prev\u00e9 la construcci\u00f3n de un parque solar de 10 megavatios (MW) en Valle Chico, una iniciativa clave que marcar\u00e1 un nuevo paso en el camino hacia la energ\u00eda sustentable en el Valle Central de Catamarca.<\/p>\n<p class=\"v1MsoNormal\">El proyecto no solo busca generar energ\u00eda limpia y renovable, sino tambi\u00e9n mejorar la calidad del suministro el\u00e9ctrico en toda la zona. Como parte del mismo, se desarrollar\u00e1 una obra de media tensi\u00f3n que conectar\u00e1 Valle Chico con el centro de la ciudad y la l\u00ednea que va hacia El Rodeo, fortaleciendo la red de distribuci\u00f3n provincial.<\/p>\n<p class=\"v1MsoNormal\">&#8220;Con esta obra vamos a beneficiar la calidad del servicio el\u00e9ctrico y fomentar el crecimiento del consumo, acompa\u00f1ando el desarrollo urbano y productivo de la provincia&#8221;, destac\u00f3 P\u00e9rez Larraburu.<\/p>\n<p class=\"v1MsoNormal\">Desde BGH expresaron su satisfacci\u00f3n por la concreci\u00f3n del acuerdo y adelantaron que esperan mostrar avances significativos en los pr\u00f3ximos meses, con la meta de comenzar a inyectar energ\u00eda solar al sistema local en el corto plazo.<\/p>\n<p class=\"v1MsoNormal\">El proyecto se enmarca dentro de la pol\u00edtica provincial de transici\u00f3n energ\u00e9tica impulsada por el gobierno con el prop\u00f3sito de impulsar las energ\u00edas renovables y eficiencia energ\u00e9tica.<\/p>\n","protected":false},"excerpt":{"rendered":"<p>En Casa de Gobierno, el gobernador Ra\u00fal Jalil recibi\u00f3, junto al ministro de Gobierno, Seguridad y Justicia, Fernando Monguillot y el ministro de Agua, Energ\u00eda y Medio Ambiente, Eduardo Niederle, al representante del Grupo BGH, Manuel P\u00e9rez Larraburu, para dialogar sobre obras de energ\u00eda que la compa\u00f1\u00eda iniciar\u00e1 en Capital. El proyecto de obra prev\u00e9 [&hellip;]<\/p>\n","protected":false},"author":2,"featured_media":4722,"comment_status":"open","ping_status":"open","sticky":false,"template":"","format":"standard","meta":{"footnotes":""},"categories":[20],"tags":[],"class_list":{"0":"post-4721","1":"post","2":"type-post","3":"status-publish","4":"format-standard","5":"has-post-thumbnail","7":"category-sociedad"},"aioseo_notices":[],"_links":{"self":[{"href":"https:\/\/elfaroonline.com.ar\/index.php\/wp-json\/wp\/v2\/posts\/4721","targetHints":{"allow":["GET"]}}],"collection":[{"href":"https:\/\/elfaroonline.com.ar\/index.php\/wp-json\/wp\/v2\/posts"}],"about":[{"href":"https:\/\/elfaroonline.com.ar\/index.php\/wp-json\/wp\/v2\/types\/post"}],"author":[{"embeddable":true,"href":"https:\/\/elfaroonline.com.ar\/index.php\/wp-json\/wp\/v2\/users\/2"}],"replies":[{"embeddable":true,"href":"https:\/\/elfaroonline.com.ar\/index.php\/wp-json\/wp\/v2\/comments?post=4721"}],"version-history":[{"count":1,"href":"https:\/\/elfaroonline.com.ar\/index.php\/wp-json\/wp\/v2\/posts\/4721\/revisions"}],"predecessor-version":[{"id":4723,"href":"https:\/\/elfaroonline.com.ar\/index.php\/wp-json\/wp\/v2\/posts\/4721\/revisions\/4723"}],"wp:featuredmedia":[{"embeddable":true,"href":"https:\/\/elfaroonline.com.ar\/index.php\/wp-json\/wp\/v2\/media\/4722"}],"wp:attachment":[{"href":"https:\/\/elfaroonline.com.ar\/index.php\/wp-json\/wp\/v2\/media?parent=4721"}],"wp:term":[{"taxonomy":"category","embeddable":true,"href":"https:\/\/elfaroonline.com.ar\/index.php\/wp-json\/wp\/v2\/categories?post=4721"},{"taxonomy":"post_tag","embeddable":true,"href":"https:\/\/elfaroonline.com.ar\/index.php\/wp-json\/wp\/v2\/tags?post=4721"}],"curies":[{"name":"wp","href":"https:\/\/api.w.org\/{rel}","templated":true}]}}