{"id":4724,"date":"2025-10-27T19:22:23","date_gmt":"2025-10-27T22:22:23","guid":{"rendered":"https:\/\/elfaroonline.com.ar\/?p=4724"},"modified":"2025-10-27T19:22:23","modified_gmt":"2025-10-27T22:22:23","slug":"se-lanzo-la-expo-catamarca-2025-con-eje-en-el-desarrollo-e-integracion-regional","status":"publish","type":"post","link":"https:\/\/elfaroonline.com.ar\/index.php\/2025\/10\/27\/se-lanzo-la-expo-catamarca-2025-con-eje-en-el-desarrollo-e-integracion-regional\/","title":{"rendered":"Se lanz\u00f3 la Expo Catamarca 2025 con eje en el desarrollo e integraci\u00f3n regional"},"content":{"rendered":"<p class=\"v1MsoNormal\"><i>Ser\u00e1 el 25 y 26 de noviembre en el Predio Ferial y ser\u00e1 binacional con Chile.<\/i><\/p>\n<p class=\"v1MsoNormal\">Entre los d\u00edas 25 y 26 de noviembre se desarrollar\u00e1 en el Predio Ferial la Expo Catamarca, un evento definido como binacional ya que se integrar\u00e1n actores de diferentes rubros de la producci\u00f3n de Argentina y Chile, con el objetivo de potenciar el intercambio comercial, las inversiones y el desarrollo tur\u00edstico entre las regiones que componen el organismo de integraci\u00f3n ATACALAR, seg\u00fan lo definieron en la conferencia de lanzamiento que se realiz\u00f3 en Casa de Gobierno, encabezada por el vicegobernador Rub\u00e9n Dusso, y el titular de la Federaci\u00f3n Econ\u00f3mica de Catamarca (FEC), Marcelo Coll, ente que est\u00e1 a cargo de la organizaci\u00f3n de la Expo que va a contar con el apoyo del Consejo Federal de Inversiones (CFI).<\/p>\n<p class=\"v1MsoNormal\">Adem\u00e1s, y tambi\u00e9n como organismos organizativos estuvieron presentes los titulares de los ministerios de Desarrollo Productivo, Leonardo Zeballos; de Miner\u00eda, Marcelo Mur\u00faa; de Trabajo y Planificaci\u00f3n, Ver\u00f3nica Soria, y la directora de Gesti\u00f3n Tur\u00edstica, Evangelina Quar\u00edn, en representaci\u00f3n del Ministerio de Turismo, Cultura y Deporte.<\/p>\n<p class=\"v1MsoNormal\">El titular de la FEC fue el encargado de exponer sobre los ejes organizativos de la Expo Catamarca, y en ese sentido adelant\u00f3 que &#8220;es muy importante en que Catamarca se transforme en el nodo log\u00edstico de todo lo que Chile pueda necesitar de Argentina y viceversa&#8221; y destac\u00f3 la importancia que reviste que se genere un trabajo mancomunado entre las partes privadas y las gubernamentales.<\/p>\n<p class=\"v1MsoNormal\">Adem\u00e1s de anunciar que se va a contar con las presencias, entre otros actores, del Gobernador de la Regi\u00f3n de Atacama, Miguel Vargas Correa, y del alcalde de Copiap\u00f3 (Chile), Maglio Cicardini, Coll se\u00f1al\u00f3 que &#8220;durante las dos jornadas se van a abordar los principales desaf\u00edos y oportunidades vinculadas al desarrollo del Corredor ferroviario Bioce\u00e1nico&#8221;.<\/p>\n<p class=\"v1MsoNormal\">Y como para mostrar la magnitud de la Expo, el presidente de la FEC sostuvo que &#8220;el objetivo es consolidar la articulaci\u00f3n binacional entre Catamarca y Atacama principalmente, e impulsar la cadena de valor en producci\u00f3n, miner\u00eda, turismo, agroindustria, log\u00edstica, etc\u00e9tera. Se va a presentar la prefactibilidad ferroviaria y las soluciones energ\u00e9ticas e h\u00eddricas de ambas regiones, a la vez de generar oportunidades de inversi\u00f3n, exportaci\u00f3n y cooperaci\u00f3n t\u00e9cnica&#8221;.<\/p>\n<p class=\"v1MsoNormal\">Coll anunci\u00f3 tambi\u00e9n que la Expo va a contar con un novedoso sistema de rondas de negocios, a trav\u00e9s de un sistema provisto por la C\u00e1mara Argentina de la Mediana Empresa (CAME) consistente en un software de macheo que va a organizar y automatizar el proceso de conectar a las empresas interesadas en hacer negocios.<\/p>\n<p class=\"v1MsoNormal\">El vicegobernador Rub\u00e9n Dusso se\u00f1al\u00f3 que el dise\u00f1o de la Expo Catamarca y la integraci\u00f3n regional corresponden a una pol\u00edtica de Estado del gobierno provincial y destac\u00f3 como un hecho &#8220;muy importante&#8221; la habilitaci\u00f3n del Paso San Francisco para todos los d\u00edas de la semana.<\/p>\n<p class=\"v1MsoNormal\">Adem\u00e1s, Dusso valor\u00f3 la integraci\u00f3n p\u00fablico-privada para la realizaci\u00f3n del evento e ilustr\u00f3 sobre distintos aspectos en los que se viene trabajando con autoridades y empresas trasandinas para el desarrollo econ\u00f3mico regional.<\/p>\n","protected":false},"excerpt":{"rendered":"<p>Ser\u00e1 el 25 y 26 de noviembre en el Predio Ferial y ser\u00e1 binacional con Chile. Entre los d\u00edas 25 y 26 de noviembre se desarrollar\u00e1 en el Predio Ferial la Expo Catamarca, un evento definido como binacional ya que se integrar\u00e1n actores de diferentes rubros de la producci\u00f3n de Argentina y Chile, con el [&hellip;]<\/p>\n","protected":false},"author":2,"featured_media":4725,"comment_status":"open","ping_status":"open","sticky":false,"template":"","format":"standard","meta":{"footnotes":""},"categories":[21],"tags":[],"class_list":{"0":"post-4724","1":"post","2":"type-post","3":"status-publish","4":"format-standard","5":"has-post-thumbnail","7":"category-politica"},"aioseo_notices":[],"_links":{"self":[{"href":"https:\/\/elfaroonline.com.ar\/index.php\/wp-json\/wp\/v2\/posts\/4724","targetHints":{"allow":["GET"]}}],"collection":[{"href":"https:\/\/elfaroonline.com.ar\/index.php\/wp-json\/wp\/v2\/posts"}],"about":[{"href":"https:\/\/elfaroonline.com.ar\/index.php\/wp-json\/wp\/v2\/types\/post"}],"author":[{"embeddable":true,"href":"https:\/\/elfaroonline.com.ar\/index.php\/wp-json\/wp\/v2\/users\/2"}],"replies":[{"embeddable":true,"href":"https:\/\/elfaroonline.com.ar\/index.php\/wp-json\/wp\/v2\/comments?post=4724"}],"version-history":[{"count":1,"href":"https:\/\/elfaroonline.com.ar\/index.php\/wp-json\/wp\/v2\/posts\/4724\/revisions"}],"predecessor-version":[{"id":4726,"href":"https:\/\/elfaroonline.com.ar\/index.php\/wp-json\/wp\/v2\/posts\/4724\/revisions\/4726"}],"wp:featuredmedia":[{"embeddable":true,"href":"https:\/\/elfaroonline.com.ar\/index.php\/wp-json\/wp\/v2\/media\/4725"}],"wp:attachment":[{"href":"https:\/\/elfaroonline.com.ar\/index.php\/wp-json\/wp\/v2\/media?parent=4724"}],"wp:term":[{"taxonomy":"category","embeddable":true,"href":"https:\/\/elfaroonline.com.ar\/index.php\/wp-json\/wp\/v2\/categories?post=4724"},{"taxonomy":"post_tag","embeddable":true,"href":"https:\/\/elfaroonline.com.ar\/index.php\/wp-json\/wp\/v2\/tags?post=4724"}],"curies":[{"name":"wp","href":"https:\/\/api.w.org\/{rel}","templated":true}]}}