{"id":4730,"date":"2025-10-27T19:27:00","date_gmt":"2025-10-27T22:27:00","guid":{"rendered":"https:\/\/elfaroonline.com.ar\/?p=4730"},"modified":"2025-10-27T19:27:00","modified_gmt":"2025-10-27T22:27:00","slug":"inicio-la-etapa-de-autoconstruccion-asistida-en-laguna-blanca","status":"publish","type":"post","link":"https:\/\/elfaroonline.com.ar\/index.php\/2025\/10\/27\/inicio-la-etapa-de-autoconstruccion-asistida-en-laguna-blanca\/","title":{"rendered":"Inici\u00f3 la etapa de autoconstrucci\u00f3n asistida en Laguna Blanca"},"content":{"rendered":"<p class=\"v1MsoNormal\">Tras el fuerte temporal que afect\u00f3 a la comunidad de Laguna Blanca, se dio inicio a una nueva fase del plan de recuperaci\u00f3n: la autoconstrucci\u00f3n asistida de viviendas y unidades productivas textiles, una estrategia que articula reconstrucci\u00f3n con desarrollo local.<\/p>\n<p class=\"v1MsoNormal\">Este proceso se impulsa con financiamiento del Consejo Federal de Inversiones (CFI), en el marco del convenio suscrito con el Gobierno provincial, y es coordinado por el Ministerio de Trabajo, Planificaci\u00f3n y Recursos Humanos, e incluye la asistencia t\u00e9cnica y de materiales seg\u00fan el relevamiento territorial realizado casa por casa para identificar, junto a las familias, las necesidades.<\/p>\n<p class=\"v1MsoNormal\">La reconstrucci\u00f3n se lleva adelante bajo una modalidad de autoconstrucci\u00f3n asistida, mediante la cual las familias participan activamente en la reparaci\u00f3n de sus hogares con el acompa\u00f1amiento t\u00e9cnico del Ministerio de Trabajo. Esta metodolog\u00eda combina el uso de materiales locales y sustentables con el fortalecimiento de las capacidades productivas de la comunidad.<\/p>\n<p class=\"v1MsoNormal\"><b><i>El financiamiento gestionado ante el CFI permitir\u00e1, adem\u00e1s, la reconstrucci\u00f3n de unidades productivas textiles artesanales y la recuperaci\u00f3n de espacios comunitarios vinculados al programa de la Ruta del Telar<\/i><\/b> que el Gobierno provincial impulsa junto a la UNESCO y Alwaleed Philanthropies para promover el desarrollo local con identidad.<\/p>\n<p class=\"v1MsoNormal\">La intervenci\u00f3n contempla no solo la mejora habitacional, sino tambi\u00e9n la reactivaci\u00f3n de espacios productivos vinculados a la Ruta del Telar, incorporando materiales locales, saberes comunitarios y acompa\u00f1amiento t\u00e9cnico por parte del equipo del ministerio.<\/p>\n","protected":false},"excerpt":{"rendered":"<p>Tras el fuerte temporal que afect\u00f3 a la comunidad de Laguna Blanca, se dio inicio a una nueva fase del plan de recuperaci\u00f3n: la autoconstrucci\u00f3n asistida de viviendas y unidades productivas textiles, una estrategia que articula reconstrucci\u00f3n con desarrollo local. Este proceso se impulsa con financiamiento del Consejo Federal de Inversiones (CFI), en el marco [&hellip;]<\/p>\n","protected":false},"author":2,"featured_media":4731,"comment_status":"open","ping_status":"open","sticky":false,"template":"","format":"standard","meta":{"footnotes":""},"categories":[20],"tags":[],"class_list":{"0":"post-4730","1":"post","2":"type-post","3":"status-publish","4":"format-standard","5":"has-post-thumbnail","7":"category-sociedad"},"aioseo_notices":[],"_links":{"self":[{"href":"https:\/\/elfaroonline.com.ar\/index.php\/wp-json\/wp\/v2\/posts\/4730","targetHints":{"allow":["GET"]}}],"collection":[{"href":"https:\/\/elfaroonline.com.ar\/index.php\/wp-json\/wp\/v2\/posts"}],"about":[{"href":"https:\/\/elfaroonline.com.ar\/index.php\/wp-json\/wp\/v2\/types\/post"}],"author":[{"embeddable":true,"href":"https:\/\/elfaroonline.com.ar\/index.php\/wp-json\/wp\/v2\/users\/2"}],"replies":[{"embeddable":true,"href":"https:\/\/elfaroonline.com.ar\/index.php\/wp-json\/wp\/v2\/comments?post=4730"}],"version-history":[{"count":1,"href":"https:\/\/elfaroonline.com.ar\/index.php\/wp-json\/wp\/v2\/posts\/4730\/revisions"}],"predecessor-version":[{"id":4732,"href":"https:\/\/elfaroonline.com.ar\/index.php\/wp-json\/wp\/v2\/posts\/4730\/revisions\/4732"}],"wp:featuredmedia":[{"embeddable":true,"href":"https:\/\/elfaroonline.com.ar\/index.php\/wp-json\/wp\/v2\/media\/4731"}],"wp:attachment":[{"href":"https:\/\/elfaroonline.com.ar\/index.php\/wp-json\/wp\/v2\/media?parent=4730"}],"wp:term":[{"taxonomy":"category","embeddable":true,"href":"https:\/\/elfaroonline.com.ar\/index.php\/wp-json\/wp\/v2\/categories?post=4730"},{"taxonomy":"post_tag","embeddable":true,"href":"https:\/\/elfaroonline.com.ar\/index.php\/wp-json\/wp\/v2\/tags?post=4730"}],"curies":[{"name":"wp","href":"https:\/\/api.w.org\/{rel}","templated":true}]}}