{"id":4736,"date":"2025-10-27T19:31:36","date_gmt":"2025-10-27T22:31:36","guid":{"rendered":"https:\/\/elfaroonline.com.ar\/?p=4736"},"modified":"2025-10-27T19:31:36","modified_gmt":"2025-10-27T22:31:36","slug":"el-gobernador-junto-al-equipo-de-gobierno-analizaron-proyectos-y-plan-de-obras-a-desarrollar","status":"publish","type":"post","link":"https:\/\/elfaroonline.com.ar\/index.php\/2025\/10\/27\/el-gobernador-junto-al-equipo-de-gobierno-analizaron-proyectos-y-plan-de-obras-a-desarrollar\/","title":{"rendered":"El Gobernador junto al equipo de gobierno analizaron proyectos y plan de obras a desarrollar"},"content":{"rendered":"<p class=\"v1MsoNormal\">El gobernador Ra\u00fal Jalil, junto al ministro de Gobierno, Seguridad y Justicia, Fernando Monguillot, presidi\u00f3 esta ma\u00f1ana una reuni\u00f3n de gabinete en la que se definieron pautas de gesti\u00f3n y se avanz\u00f3 en la agenda legislativa y de obras prioritarias de la Provincia para lo que resta de 2025.<\/p>\n<p class=\"v1MsoNormal\">Durante el encuentro, el equipo de Gobierno realiz\u00f3 un balance de las acciones ejecutadas hasta el momento y fij\u00f3 los objetivos de trabajo para lo que resta del a\u00f1o. Adem\u00e1s, dialogaron sobre el plan de obras que formar\u00e1 parte del Presupuesto 2026.<\/p>\n<p class=\"v1MsoNormal\">En el plano legislativo, el Ejecutivo provincial comenz\u00f3 a trabajar en dos proyectos clave: uno vinculado a la instalaci\u00f3n de un aeropuerto en la localidad de Londres, departamento Bel\u00e9n, y otro para el fomento del proyecto minero Diablillos-Plata, ubicado en la zona de cooperaci\u00f3n entre Catamarca y Salta.<\/p>\n<p class=\"v1MsoNormal\"><b>Visita a Laguna Blanca<\/b><\/p>\n<p class=\"v1MsoNormal\">Por otra parte, el gobernador dispuso que se prioricen las obras de reconstrucci\u00f3n en la comunidad de Laguna Blanca (Bel\u00e9n), afectada en agosto por una fuerte tormenta de viento. En ese marco, el mandatario y parte de su gabinete visitar\u00e1n el pr\u00f3ximo viernes la localidad para supervisar los avances y dialogar con los vecinos.<\/p>\n<p class=\"v1MsoNormal\">Asimismo, este martes, est\u00e1 previsto que equipos del Ministerio de Agua, Energ\u00eda y Medio Ambiente lleguen hasta la localidad pune\u00f1a para recorrer obras que se realizan.<\/p>\n<p class=\"v1MsoNormal\">De la reuni\u00f3n participaron la ministra de Trabajo, Planificaci\u00f3n y Recursos Humanos, Ver\u00f3nica Soria; el ministro de Hacienda y Obras P\u00fablicas, Juan Marchetti; el ministro de Agua, Energ\u00eda y Medio Ambiente, Eduardo Niederle; la ministra de Cultura, Turismo y Deportes, Daiana Rold\u00e1n; el ministro de Miner\u00eda, Marcelo Mur\u00faa; el ministro de Desarrollo Productivo, Leonardo Zeballos; el ministro de Educaci\u00f3n, Nicol\u00e1s Rosales Matienzo; la ministra de Salud, Johana Carrizo; la secretaria de Estado de Gabinete, Luz Soria, y la asesora general de Gobierno, Mara Mur\u00faa.<\/p>\n","protected":false},"excerpt":{"rendered":"<p>El gobernador Ra\u00fal Jalil, junto al ministro de Gobierno, Seguridad y Justicia, Fernando Monguillot, presidi\u00f3 esta ma\u00f1ana una reuni\u00f3n de gabinete en la que se definieron pautas de gesti\u00f3n y se avanz\u00f3 en la agenda legislativa y de obras prioritarias de la Provincia para lo que resta de 2025. Durante el encuentro, el equipo de [&hellip;]<\/p>\n","protected":false},"author":2,"featured_media":4737,"comment_status":"open","ping_status":"open","sticky":false,"template":"","format":"standard","meta":{"footnotes":""},"categories":[23,21],"tags":[],"class_list":{"0":"post-4736","1":"post","2":"type-post","3":"status-publish","4":"format-standard","5":"has-post-thumbnail","7":"category-destacados","8":"category-politica"},"aioseo_notices":[],"_links":{"self":[{"href":"https:\/\/elfaroonline.com.ar\/index.php\/wp-json\/wp\/v2\/posts\/4736","targetHints":{"allow":["GET"]}}],"collection":[{"href":"https:\/\/elfaroonline.com.ar\/index.php\/wp-json\/wp\/v2\/posts"}],"about":[{"href":"https:\/\/elfaroonline.com.ar\/index.php\/wp-json\/wp\/v2\/types\/post"}],"author":[{"embeddable":true,"href":"https:\/\/elfaroonline.com.ar\/index.php\/wp-json\/wp\/v2\/users\/2"}],"replies":[{"embeddable":true,"href":"https:\/\/elfaroonline.com.ar\/index.php\/wp-json\/wp\/v2\/comments?post=4736"}],"version-history":[{"count":1,"href":"https:\/\/elfaroonline.com.ar\/index.php\/wp-json\/wp\/v2\/posts\/4736\/revisions"}],"predecessor-version":[{"id":4738,"href":"https:\/\/elfaroonline.com.ar\/index.php\/wp-json\/wp\/v2\/posts\/4736\/revisions\/4738"}],"wp:featuredmedia":[{"embeddable":true,"href":"https:\/\/elfaroonline.com.ar\/index.php\/wp-json\/wp\/v2\/media\/4737"}],"wp:attachment":[{"href":"https:\/\/elfaroonline.com.ar\/index.php\/wp-json\/wp\/v2\/media?parent=4736"}],"wp:term":[{"taxonomy":"category","embeddable":true,"href":"https:\/\/elfaroonline.com.ar\/index.php\/wp-json\/wp\/v2\/categories?post=4736"},{"taxonomy":"post_tag","embeddable":true,"href":"https:\/\/elfaroonline.com.ar\/index.php\/wp-json\/wp\/v2\/tags?post=4736"}],"curies":[{"name":"wp","href":"https:\/\/api.w.org\/{rel}","templated":true}]}}