{"id":4739,"date":"2025-10-27T19:33:48","date_gmt":"2025-10-27T22:33:48","guid":{"rendered":"https:\/\/elfaroonline.com.ar\/?p=4739"},"modified":"2025-10-27T19:33:48","modified_gmt":"2025-10-27T22:33:48","slug":"provincia-y-municipio-avanzaran-en-la-reconstruccion-del-puente-de-belen","status":"publish","type":"post","link":"https:\/\/elfaroonline.com.ar\/index.php\/2025\/10\/27\/provincia-y-municipio-avanzaran-en-la-reconstruccion-del-puente-de-belen\/","title":{"rendered":"Provincia y municipio avanzar\u00e1n en la reconstrucci\u00f3n del puente de Bel\u00e9n"},"content":{"rendered":"<p class=\"v1MsoNormal\">En Casa de Gobierno, el gobernador Ra\u00fal Jalil acompa\u00f1ado por el ministro de Gobierno, Seguridad y Justicia, Fernando Monguillot, recibi\u00f3 al intendente de Bel\u00e9n, Cristian Yapura, para abordar una agenda de trabajo y obras en el departamento del Oeste.<\/p>\n<p class=\"v1MsoNormal\">En este marco, se acord\u00f3 iniciar en el corto plazo con los trabajos de reparaci\u00f3n del puente de Bel\u00e9n, ubicado en la zona de La Puntilla, donde el Gobierno provincial acompa\u00f1ar\u00e1 al municipio en la reconstrucci\u00f3n de la estructura y la construcci\u00f3n de nuevas defensas para brindar mayor seguridad ante las eventuales crecidas del r\u00edo en \u00e9pocas estivales.<\/p>\n<p class=\"v1MsoNormal\">En Bel\u00e9n el Ejecutivo Provincial lleva adelante obras de envergadura como el nuevo Hospital de Bel\u00e9n, que ser\u00e1 uno de los m\u00e1s grandes de Catamarca. Adem\u00e1s, d\u00edas atr\u00e1s, el Gobernador recorri\u00f3 el predio donde se construir\u00e1 la primera cancha de hockey y tambi\u00e9n las obras de asfaltado que se ejecutan en distintos puntos de la cabecera departamental.<\/p>\n<p>Tambi\u00e9n participaron de la reuni\u00f3n el ministro de Hacienda y Obras P\u00fablicas, Juan Marchetti, y la ministra de Trabajo, Planificaci\u00f3n y Recursos Humanos, Ver\u00f3nica Soria.<\/p>\n","protected":false},"excerpt":{"rendered":"<p>En Casa de Gobierno, el gobernador Ra\u00fal Jalil acompa\u00f1ado por el ministro de Gobierno, Seguridad y Justicia, Fernando Monguillot, recibi\u00f3 al intendente de Bel\u00e9n, Cristian Yapura, para abordar una agenda de trabajo y obras en el departamento del Oeste. En este marco, se acord\u00f3 iniciar en el corto plazo con los trabajos de reparaci\u00f3n del [&hellip;]<\/p>\n","protected":false},"author":2,"featured_media":4740,"comment_status":"open","ping_status":"open","sticky":false,"template":"","format":"standard","meta":{"footnotes":""},"categories":[21],"tags":[],"class_list":{"0":"post-4739","1":"post","2":"type-post","3":"status-publish","4":"format-standard","5":"has-post-thumbnail","7":"category-politica"},"aioseo_notices":[],"_links":{"self":[{"href":"https:\/\/elfaroonline.com.ar\/index.php\/wp-json\/wp\/v2\/posts\/4739","targetHints":{"allow":["GET"]}}],"collection":[{"href":"https:\/\/elfaroonline.com.ar\/index.php\/wp-json\/wp\/v2\/posts"}],"about":[{"href":"https:\/\/elfaroonline.com.ar\/index.php\/wp-json\/wp\/v2\/types\/post"}],"author":[{"embeddable":true,"href":"https:\/\/elfaroonline.com.ar\/index.php\/wp-json\/wp\/v2\/users\/2"}],"replies":[{"embeddable":true,"href":"https:\/\/elfaroonline.com.ar\/index.php\/wp-json\/wp\/v2\/comments?post=4739"}],"version-history":[{"count":1,"href":"https:\/\/elfaroonline.com.ar\/index.php\/wp-json\/wp\/v2\/posts\/4739\/revisions"}],"predecessor-version":[{"id":4741,"href":"https:\/\/elfaroonline.com.ar\/index.php\/wp-json\/wp\/v2\/posts\/4739\/revisions\/4741"}],"wp:featuredmedia":[{"embeddable":true,"href":"https:\/\/elfaroonline.com.ar\/index.php\/wp-json\/wp\/v2\/media\/4740"}],"wp:attachment":[{"href":"https:\/\/elfaroonline.com.ar\/index.php\/wp-json\/wp\/v2\/media?parent=4739"}],"wp:term":[{"taxonomy":"category","embeddable":true,"href":"https:\/\/elfaroonline.com.ar\/index.php\/wp-json\/wp\/v2\/categories?post=4739"},{"taxonomy":"post_tag","embeddable":true,"href":"https:\/\/elfaroonline.com.ar\/index.php\/wp-json\/wp\/v2\/tags?post=4739"}],"curies":[{"name":"wp","href":"https:\/\/api.w.org\/{rel}","templated":true}]}}