{"id":4752,"date":"2025-10-27T19:55:09","date_gmt":"2025-10-27T22:55:09","guid":{"rendered":"https:\/\/elfaroonline.com.ar\/?p=4752"},"modified":"2025-10-27T19:55:09","modified_gmt":"2025-10-27T22:55:09","slug":"policias-recuperaron-una-motocicleta-sustraida-secuestraron-droga-y-aprehendieron-al-presunto-autor-del-hecho","status":"publish","type":"post","link":"https:\/\/elfaroonline.com.ar\/index.php\/2025\/10\/27\/policias-recuperaron-una-motocicleta-sustraida-secuestraron-droga-y-aprehendieron-al-presunto-autor-del-hecho\/","title":{"rendered":"Polic\u00edas recuperaron una motocicleta sustra\u00edda, secuestraron droga y aprehendieron al presunto autor del hecho"},"content":{"rendered":"<p class=\"v1MsoNormal\">Conforme a una denuncia penal radicada en la Unidad Judicial N<span lang=\"EN-US\">\u00b0<\/span> 3, en la que un hombre de 46 a\u00f1os de edad manifest\u00f3 que habr\u00eda sido v\u00edctima de la sustracci\u00f3n de una motocicleta Keller KN 150 cc., de color gris, tras averiguaciones practicadas, efectivos de la <b>Divisi\u00f3n Investigaciones de la Polic\u00eda de la Provincia<\/b>, conjuntamente con Sumariantes del Precinto Judicial mencionado, llegaron hasta una vivienda ubicada en la Manzana <span lang=\"EN-US\">&#8220;<\/span>B<span lang=\"EN-US\">&#8220;<\/span>, del Loteo Parque Sur, donde materializaron un registro domiciliario.<\/p>\n<p class=\"v1MsoNormal\">En el lugar y bajo las directivas de la Fiscal\u00eda de Instrucci\u00f3n del Distrito Este, los investigadores lograron recuperar el rodado sustra\u00eddo, que qued\u00f3 en calidad de secuestro, como as\u00ed tambi\u00e9n procedieron a la aprehensi\u00f3n del presunto autor, un joven de apellido <b>\u00c1vila (24)<\/b>, quien fue trasladado y alojado en la dependencia policial a disposici\u00f3n de la Justicia interviniente.<\/p>\n<p class=\"v1MsoNormal\">Cabe hacer menci\u00f3n que, durante el procedimiento, los polic\u00edas encontraron entre las prendas de vestir de una <b>adolescente de 17 a\u00f1os<\/b> de edad, un frasco de vidrio que conten\u00eda una sustancia herb\u00e1cea, que al ser sometida a la prueba de campo correspondiente por sus pares de la <b>Direcci\u00f3n Drogas Peligrosas de la Polic\u00eda de la Provincia<\/b>, lograron determinar que se tratar\u00edan de 48 gramos de Marihuana, que fueron incautados tomando conocimiento el Juzgado Federal, desde donde se impartieron las medidas a seguir.<\/p>\n","protected":false},"excerpt":{"rendered":"<p>Conforme a una denuncia penal radicada en la Unidad Judicial N\u00b0 3, en la que un hombre de 46 a\u00f1os de edad manifest\u00f3 que habr\u00eda sido v\u00edctima de la sustracci\u00f3n de una motocicleta Keller KN 150 cc., de color gris, tras averiguaciones practicadas, efectivos de la Divisi\u00f3n Investigaciones de la Polic\u00eda de la Provincia, conjuntamente [&hellip;]<\/p>\n","protected":false},"author":2,"featured_media":4753,"comment_status":"open","ping_status":"open","sticky":false,"template":"","format":"standard","meta":{"footnotes":""},"categories":[27],"tags":[],"class_list":{"0":"post-4752","1":"post","2":"type-post","3":"status-publish","4":"format-standard","5":"has-post-thumbnail","7":"category-policiales"},"aioseo_notices":[],"_links":{"self":[{"href":"https:\/\/elfaroonline.com.ar\/index.php\/wp-json\/wp\/v2\/posts\/4752","targetHints":{"allow":["GET"]}}],"collection":[{"href":"https:\/\/elfaroonline.com.ar\/index.php\/wp-json\/wp\/v2\/posts"}],"about":[{"href":"https:\/\/elfaroonline.com.ar\/index.php\/wp-json\/wp\/v2\/types\/post"}],"author":[{"embeddable":true,"href":"https:\/\/elfaroonline.com.ar\/index.php\/wp-json\/wp\/v2\/users\/2"}],"replies":[{"embeddable":true,"href":"https:\/\/elfaroonline.com.ar\/index.php\/wp-json\/wp\/v2\/comments?post=4752"}],"version-history":[{"count":1,"href":"https:\/\/elfaroonline.com.ar\/index.php\/wp-json\/wp\/v2\/posts\/4752\/revisions"}],"predecessor-version":[{"id":4754,"href":"https:\/\/elfaroonline.com.ar\/index.php\/wp-json\/wp\/v2\/posts\/4752\/revisions\/4754"}],"wp:featuredmedia":[{"embeddable":true,"href":"https:\/\/elfaroonline.com.ar\/index.php\/wp-json\/wp\/v2\/media\/4753"}],"wp:attachment":[{"href":"https:\/\/elfaroonline.com.ar\/index.php\/wp-json\/wp\/v2\/media?parent=4752"}],"wp:term":[{"taxonomy":"category","embeddable":true,"href":"https:\/\/elfaroonline.com.ar\/index.php\/wp-json\/wp\/v2\/categories?post=4752"},{"taxonomy":"post_tag","embeddable":true,"href":"https:\/\/elfaroonline.com.ar\/index.php\/wp-json\/wp\/v2\/tags?post=4752"}],"curies":[{"name":"wp","href":"https:\/\/api.w.org\/{rel}","templated":true}]}}