{"id":4764,"date":"2025-11-10T19:30:32","date_gmt":"2025-11-10T22:30:32","guid":{"rendered":"https:\/\/elfaroonline.com.ar\/?p=4764"},"modified":"2025-11-10T19:30:32","modified_gmt":"2025-11-10T22:30:32","slug":"con-obras-hidricas-en-las-comunidades-provincia-avanza-con-la-optimizacion-del-servicio-de-agua","status":"publish","type":"post","link":"https:\/\/elfaroonline.com.ar\/index.php\/2025\/11\/10\/con-obras-hidricas-en-las-comunidades-provincia-avanza-con-la-optimizacion-del-servicio-de-agua\/","title":{"rendered":"Con obras h\u00eddricas en las comunidades, Provincia avanza con la optimizaci\u00f3n del servicio de agua"},"content":{"rendered":"<p class=\"v1MsoNormal\">El gobernador Ra\u00fal Jalil encabez\u00f3 una reuni\u00f3n con parte de su equipo para definir una agenda de obras y acciones que el Gobierno provincial desarrollar\u00e1 en el norte del departamento Bel\u00e9n. Del encuentro participaron el ministro de Hacienda y Obras P\u00fablicas, Juan Marchetti, autoridades de Vialidad Provincial, equipos t\u00e9cnicos de Aguas de Catamarca SAPEM, y la secretaria de Estado del Gabinete, Luz Soria.<\/p>\n<p class=\"v1MsoNormal\">En la reuni\u00f3n se acord\u00f3 que este viernes partir\u00e1n comitivas de Vialidad y Aguas de Catamarca hacia Villa Vil y la regi\u00f3n pune\u00f1a. Los equipos t\u00e9cnicos recorrer\u00e1n los caminos de la zona para evaluar su estado y analizar la trazabilidad, en particular en la zona de Cuesta Redonda.<\/p>\n<p class=\"v1MsoNormal\">A su vez, los especialistas de Aguas de Catamarca realizar\u00e1n relevamientos en Corral Blanco, La Angostura y otras comunidades cercanas, con el prop\u00f3sito de planificar obras que optimicen el servicio de agua potable en toda la regi\u00f3n.<\/p>\n<p class=\"v1MsoNormal\"><b>Obras en comunidades<\/b><\/p>\n<p class=\"v1MsoNormal\">Aguas de Catamarca SAPEM, en conjunto con el Ministerio de Agua, Energ\u00eda y Medio Ambiente, ejecuta actualmente una serie de obras fundamentales para mejorar y ampliar el acceso al agua potable en distintas localidades de Bel\u00e9n. Los proyectos apuntan a fortalecer la captaci\u00f3n, conducci\u00f3n y distribuci\u00f3n del recurso, beneficiando directamente a numerosas familias e instituciones.<\/p>\n<p class=\"v1MsoNormal\">En Azampay, se lleva adelante la obra de mejoramiento del acueducto, que presenta un avance del 40%. El proyecto, dise\u00f1ado para mitigar los efectos de las crecidas del r\u00edo sobre la red, contempla la instalaci\u00f3n de 3.000 metros de ca\u00f1er\u00eda PEAD de diferentes di\u00e1metros, beneficiando a 65 familias y 9 instituciones p\u00fablicas.<\/p>\n<p class=\"v1MsoNormal\">En Corral Blanco, se ejecuta una nueva red de agua potable de 6.000 metros de extensi\u00f3n total, de los cuales ya se instalaron 3.200. Esta obra permitir\u00e1 mejorar el servicio para m\u00e1s de 60 familias.<\/p>\n<p class=\"v1MsoNormal\">En Ampujaco, se complet\u00f3 la construcci\u00f3n de una galer\u00eda filtrante entre el 17 y el 21 de octubre de 2025. Esta infraestructura permitir\u00e1 optimizar la captaci\u00f3n de agua cruda y asegurar su potabilizaci\u00f3n.<\/p>\n<p class=\"v1MsoNormal\">Adem\u00e1s, se proyectan obras en La Angostura, Pe\u00f1as Negras, Aguas Calientes, Laguna Blanca y Chist\u00edn, cada una dise\u00f1ada seg\u00fan las necesidades particulares de cada comunidad.<\/p>\n<p class=\"v1MsoNormal\">\n<p class=\"v1MsoNormal\">Entre las obras proyectadas se encuentran una galer\u00eda filtrante, red de agua potable, mejora de obra de toma y red de agua, entre otras intervenciones que beneficiar\u00e1n directamente a los habitantes de las comunidades.<\/p>\n","protected":false},"excerpt":{"rendered":"<p>El gobernador Ra\u00fal Jalil encabez\u00f3 una reuni\u00f3n con parte de su equipo para definir una agenda de obras y acciones que el Gobierno provincial desarrollar\u00e1 en el norte del departamento Bel\u00e9n. Del encuentro participaron el ministro de Hacienda y Obras P\u00fablicas, Juan Marchetti, autoridades de Vialidad Provincial, equipos t\u00e9cnicos de Aguas de Catamarca SAPEM, y [&hellip;]<\/p>\n","protected":false},"author":2,"featured_media":4765,"comment_status":"open","ping_status":"open","sticky":false,"template":"","format":"standard","meta":{"footnotes":""},"categories":[20],"tags":[],"class_list":{"0":"post-4764","1":"post","2":"type-post","3":"status-publish","4":"format-standard","5":"has-post-thumbnail","7":"category-sociedad"},"aioseo_notices":[],"_links":{"self":[{"href":"https:\/\/elfaroonline.com.ar\/index.php\/wp-json\/wp\/v2\/posts\/4764","targetHints":{"allow":["GET"]}}],"collection":[{"href":"https:\/\/elfaroonline.com.ar\/index.php\/wp-json\/wp\/v2\/posts"}],"about":[{"href":"https:\/\/elfaroonline.com.ar\/index.php\/wp-json\/wp\/v2\/types\/post"}],"author":[{"embeddable":true,"href":"https:\/\/elfaroonline.com.ar\/index.php\/wp-json\/wp\/v2\/users\/2"}],"replies":[{"embeddable":true,"href":"https:\/\/elfaroonline.com.ar\/index.php\/wp-json\/wp\/v2\/comments?post=4764"}],"version-history":[{"count":1,"href":"https:\/\/elfaroonline.com.ar\/index.php\/wp-json\/wp\/v2\/posts\/4764\/revisions"}],"predecessor-version":[{"id":4766,"href":"https:\/\/elfaroonline.com.ar\/index.php\/wp-json\/wp\/v2\/posts\/4764\/revisions\/4766"}],"wp:featuredmedia":[{"embeddable":true,"href":"https:\/\/elfaroonline.com.ar\/index.php\/wp-json\/wp\/v2\/media\/4765"}],"wp:attachment":[{"href":"https:\/\/elfaroonline.com.ar\/index.php\/wp-json\/wp\/v2\/media?parent=4764"}],"wp:term":[{"taxonomy":"category","embeddable":true,"href":"https:\/\/elfaroonline.com.ar\/index.php\/wp-json\/wp\/v2\/categories?post=4764"},{"taxonomy":"post_tag","embeddable":true,"href":"https:\/\/elfaroonline.com.ar\/index.php\/wp-json\/wp\/v2\/tags?post=4764"}],"curies":[{"name":"wp","href":"https:\/\/api.w.org\/{rel}","templated":true}]}}