{"id":4767,"date":"2025-11-10T19:33:14","date_gmt":"2025-11-10T22:33:14","guid":{"rendered":"https:\/\/elfaroonline.com.ar\/?p=4767"},"modified":"2025-11-10T19:33:14","modified_gmt":"2025-11-10T22:33:14","slug":"regalias-zijin-liex-catamarca-reinvierte-los-fondos-del-litio-en-desarrollo-e-infraestructura-para-fiambala","status":"publish","type":"post","link":"https:\/\/elfaroonline.com.ar\/index.php\/2025\/11\/10\/regalias-zijin-liex-catamarca-reinvierte-los-fondos-del-litio-en-desarrollo-e-infraestructura-para-fiambala\/","title":{"rendered":"Regal\u00edas Zijin-Liex: Catamarca reinvierte los fondos del litio en desarrollo e infraestructura para Fiambal\u00e1"},"content":{"rendered":"<div dir=\"ltr\">\n<div dir=\"ltr\">\n<div dir=\"ltr\">\n<p class=\"v1MsoNormal\">El gobernador Ra\u00fal Jalil encabez\u00f3 una reuni\u00f3n junto al ministro de Hacienda y Obras P\u00fablicas, Juan Marchetti, y el director de la Agencia de Recaudaci\u00f3n de Catamarca (ARCAT), Pedro Monferr\u00e1n, con el objetivo de delinear el destino de los nuevos fondos provenientes de las regal\u00edas mineras generadas por las primeras exportaciones de litio realizadas por la empresa Zijin\u2013Liex.<\/p>\n<p class=\"v1MsoNormal\">En el encuentro, se resolvi\u00f3 que estos recursos ser\u00e1n destinados a obras estrat\u00e9gicas en Fiambal\u00e1 y su zona de influencia, con el prop\u00f3sito de fortalecer el desarrollo local y asegurar que los beneficios de la actividad minera se traduzcan en mejoras concretas para la comunidad.<\/p>\n<p class=\"v1MsoNormal\">Uno de los primeros proyectos que se pretende poner en marcha con estas nuevas regal\u00edas es la puesta en valor del Complejo Termal de Fiambal\u00e1, considerado un eje central para el turismo y la econom\u00eda del departamento Tinogasta y el Oeste. Para avanzar con el mismo, en los pr\u00f3ximos d\u00edas, el proyecto ser\u00e1 presentado ante la C\u00e1mara de Turismo de Fiambal\u00e1 y allegados para aunar criterios de los puntos que debe tener la obra.<\/p>\n<p class=\"v1MsoNormal\">El Gobierno provincial mantiene una pol\u00edtica sostenida de reinversi\u00f3n de las regal\u00edas mineras en obras de infraestructura, servicios y desarrollo social, transformando los recursos naturales en progreso para las comunidades del oeste catamarque\u00f1o. En este marco, se debe recordar que en Fiambal\u00e1 diversas obras fueron financiadas con fondos de regal\u00edas mineras como el Puente de Medanitos, el asfaltado urbano, y parte del financiamiento de la nueva Terminal de \u00d3mnibus, entre otras.<\/p>\n<\/div>\n<\/div>\n<\/div>\n","protected":false},"excerpt":{"rendered":"<p>El gobernador Ra\u00fal Jalil encabez\u00f3 una reuni\u00f3n junto al ministro de Hacienda y Obras P\u00fablicas, Juan Marchetti, y el director de la Agencia de Recaudaci\u00f3n de Catamarca (ARCAT), Pedro Monferr\u00e1n, con el objetivo de delinear el destino de los nuevos fondos provenientes de las regal\u00edas mineras generadas por las primeras exportaciones de litio realizadas por [&hellip;]<\/p>\n","protected":false},"author":2,"featured_media":4768,"comment_status":"open","ping_status":"open","sticky":false,"template":"","format":"standard","meta":{"footnotes":""},"categories":[21],"tags":[],"class_list":{"0":"post-4767","1":"post","2":"type-post","3":"status-publish","4":"format-standard","5":"has-post-thumbnail","7":"category-politica"},"aioseo_notices":[],"_links":{"self":[{"href":"https:\/\/elfaroonline.com.ar\/index.php\/wp-json\/wp\/v2\/posts\/4767","targetHints":{"allow":["GET"]}}],"collection":[{"href":"https:\/\/elfaroonline.com.ar\/index.php\/wp-json\/wp\/v2\/posts"}],"about":[{"href":"https:\/\/elfaroonline.com.ar\/index.php\/wp-json\/wp\/v2\/types\/post"}],"author":[{"embeddable":true,"href":"https:\/\/elfaroonline.com.ar\/index.php\/wp-json\/wp\/v2\/users\/2"}],"replies":[{"embeddable":true,"href":"https:\/\/elfaroonline.com.ar\/index.php\/wp-json\/wp\/v2\/comments?post=4767"}],"version-history":[{"count":1,"href":"https:\/\/elfaroonline.com.ar\/index.php\/wp-json\/wp\/v2\/posts\/4767\/revisions"}],"predecessor-version":[{"id":4769,"href":"https:\/\/elfaroonline.com.ar\/index.php\/wp-json\/wp\/v2\/posts\/4767\/revisions\/4769"}],"wp:featuredmedia":[{"embeddable":true,"href":"https:\/\/elfaroonline.com.ar\/index.php\/wp-json\/wp\/v2\/media\/4768"}],"wp:attachment":[{"href":"https:\/\/elfaroonline.com.ar\/index.php\/wp-json\/wp\/v2\/media?parent=4767"}],"wp:term":[{"taxonomy":"category","embeddable":true,"href":"https:\/\/elfaroonline.com.ar\/index.php\/wp-json\/wp\/v2\/categories?post=4767"},{"taxonomy":"post_tag","embeddable":true,"href":"https:\/\/elfaroonline.com.ar\/index.php\/wp-json\/wp\/v2\/tags?post=4767"}],"curies":[{"name":"wp","href":"https:\/\/api.w.org\/{rel}","templated":true}]}}