{"id":4770,"date":"2025-11-10T19:36:11","date_gmt":"2025-11-10T22:36:11","guid":{"rendered":"https:\/\/elfaroonline.com.ar\/?p=4770"},"modified":"2025-11-10T19:36:11","modified_gmt":"2025-11-10T22:36:11","slug":"el-ejecutivo-oficializo-la-cesion-de-inmueble-a-la-corte-para-nuevas-dependencias-judiciales-en-el-norte","status":"publish","type":"post","link":"https:\/\/elfaroonline.com.ar\/index.php\/2025\/11\/10\/el-ejecutivo-oficializo-la-cesion-de-inmueble-a-la-corte-para-nuevas-dependencias-judiciales-en-el-norte\/","title":{"rendered":"El Ejecutivo oficializ\u00f3 la cesi\u00f3n de inmueble a la Corte para nuevas dependencias judiciales en el norte"},"content":{"rendered":"<p class=\"v1MsoNormal\">El Gobierno de Catamarca oficializ\u00f3 la cesi\u00f3n en uso exclusivo de un inmueble del Estado provincial a la Corte de Justicia, con el objetivo de fortalecer la infraestructura del Poder Judicial y mejorar el servicio de justicia en la provincia.<\/p>\n<p class=\"v1MsoNormal\">La medida, establecida mediante decreto del Poder Ejecutivo, alcanza a una propiedad de 34 hect\u00e1reas ubicada en la zona de la Quebrada de Moreira.<\/p>\n<p class=\"v1MsoNormal\">El decreto fue rubricado tras una reuni\u00f3n encabezada por el gobernador Ra\u00fal Jalil, junto al ministro de Gobierno, Seguridad y Justicia, Fernando Monguillot, con el presidente de la Corte, Hern\u00e1n Martel, y los ministros Fernanda Rosales, Jorge Bracamonte, Ver\u00f3nica Salda\u00f1o y Fabiana G\u00f3mez.<\/p>\n<p class=\"v1MsoNormal\">Seg\u00fan se detalla en la disposici\u00f3n, la cesi\u00f3n tiene como fin permitir que la Corte de Justicia cuente con instalaciones adecuadas para &#8220;cumplir eficazmente su funci\u00f3n de administrar justicia y garantizar el acceso a un sistema judicial justo y equitativo&#8221;.<\/p>\n<p class=\"v1MsoNormal\">El uso del predio estar\u00e1 limitado exclusivamente a la construcci\u00f3n de dependencias judiciales. En caso de destinarlo a un fin diferente, se prev\u00e9 la revocaci\u00f3n inmediata de la cesi\u00f3n.<\/p>\n","protected":false},"excerpt":{"rendered":"<p>El Gobierno de Catamarca oficializ\u00f3 la cesi\u00f3n en uso exclusivo de un inmueble del Estado provincial a la Corte de Justicia, con el objetivo de fortalecer la infraestructura del Poder Judicial y mejorar el servicio de justicia en la provincia. La medida, establecida mediante decreto del Poder Ejecutivo, alcanza a una propiedad de 34 hect\u00e1reas [&hellip;]<\/p>\n","protected":false},"author":2,"featured_media":4771,"comment_status":"open","ping_status":"open","sticky":false,"template":"","format":"standard","meta":{"footnotes":""},"categories":[21],"tags":[],"class_list":{"0":"post-4770","1":"post","2":"type-post","3":"status-publish","4":"format-standard","5":"has-post-thumbnail","7":"category-politica"},"aioseo_notices":[],"_links":{"self":[{"href":"https:\/\/elfaroonline.com.ar\/index.php\/wp-json\/wp\/v2\/posts\/4770","targetHints":{"allow":["GET"]}}],"collection":[{"href":"https:\/\/elfaroonline.com.ar\/index.php\/wp-json\/wp\/v2\/posts"}],"about":[{"href":"https:\/\/elfaroonline.com.ar\/index.php\/wp-json\/wp\/v2\/types\/post"}],"author":[{"embeddable":true,"href":"https:\/\/elfaroonline.com.ar\/index.php\/wp-json\/wp\/v2\/users\/2"}],"replies":[{"embeddable":true,"href":"https:\/\/elfaroonline.com.ar\/index.php\/wp-json\/wp\/v2\/comments?post=4770"}],"version-history":[{"count":1,"href":"https:\/\/elfaroonline.com.ar\/index.php\/wp-json\/wp\/v2\/posts\/4770\/revisions"}],"predecessor-version":[{"id":4772,"href":"https:\/\/elfaroonline.com.ar\/index.php\/wp-json\/wp\/v2\/posts\/4770\/revisions\/4772"}],"wp:featuredmedia":[{"embeddable":true,"href":"https:\/\/elfaroonline.com.ar\/index.php\/wp-json\/wp\/v2\/media\/4771"}],"wp:attachment":[{"href":"https:\/\/elfaroonline.com.ar\/index.php\/wp-json\/wp\/v2\/media?parent=4770"}],"wp:term":[{"taxonomy":"category","embeddable":true,"href":"https:\/\/elfaroonline.com.ar\/index.php\/wp-json\/wp\/v2\/categories?post=4770"},{"taxonomy":"post_tag","embeddable":true,"href":"https:\/\/elfaroonline.com.ar\/index.php\/wp-json\/wp\/v2\/tags?post=4770"}],"curies":[{"name":"wp","href":"https:\/\/api.w.org\/{rel}","templated":true}]}}