{"id":4773,"date":"2025-11-10T19:38:44","date_gmt":"2025-11-10T22:38:44","guid":{"rendered":"https:\/\/elfaroonline.com.ar\/?p=4773"},"modified":"2025-11-10T19:38:44","modified_gmt":"2025-11-10T22:38:44","slug":"cooperacion-internacional-catamarca-y-el-estado-de-nevada-articulan-agenda-en-mineria-inteligente-e-innovacion-tecnologica","status":"publish","type":"post","link":"https:\/\/elfaroonline.com.ar\/index.php\/2025\/11\/10\/cooperacion-internacional-catamarca-y-el-estado-de-nevada-articulan-agenda-en-mineria-inteligente-e-innovacion-tecnologica\/","title":{"rendered":"Cooperaci\u00f3n internacional: Catamarca y el Estado de Nevada articulan agenda en miner\u00eda inteligente e innovaci\u00f3n tecnol\u00f3gica"},"content":{"rendered":"<p class=\"v1MsoNormal\"><i>Se rubric\u00f3 un memor\u00e1ndum para trabajar en una agenda de cooperaci\u00f3n. <\/i><\/p>\n<p class=\"v1MsoNormal\">En Casa de Gobierno, el gobernador Ra\u00fal Jalil recibi\u00f3 a la Misi\u00f3n Comercial del Estado de Nevada (EE.UU.), organizada por PROMPTEAR, en el marco de una agenda de cooperaci\u00f3n internacional en miner\u00eda inteligente, innovaci\u00f3n tecnol\u00f3gica, formaci\u00f3n profesional e intercambio acad\u00e9mico.<\/p>\n<p class=\"v1MsoNormal\">En el encuentro tambi\u00e9n se mantuvo una videoconferencia con el vicegobernador del Gobierno de Nevada, Stavros Anthony, y la C\u00e1mara Minera de Nevada (Nevada Mining Association), donde se abordaron oportunidades estrat\u00e9gicas de colaboraci\u00f3n y se presentaron herramientas tecnol\u00f3gicas aplicadas a la miner\u00eda y la transici\u00f3n energ\u00e9tica.<\/p>\n<p class=\"v1MsoNormal\">El vicegobernador Anthony cont\u00f3 la experiencia en desarrollo minero que tiene el Estado de Nevada, desde la exploraci\u00f3n hasta el reciclado, e invit\u00f3 al gobernador Ra\u00fal Jalil a conocer el Estado norteamericano y el trabajo que realizan.<\/p>\n<p class=\"v1MsoNormal\">Las partes consideraron esta reuni\u00f3n un paso clave para fortalecer los lazos entre Catamarca y Nevada, conectando el sector p\u00fablico, privado y acad\u00e9mico hacia un futuro de desarrollo sostenible e inclusivo<\/p>\n<p class=\"v1MsoNormal\"><b>Cooperaci\u00f3n <\/b><\/p>\n<p class=\"v1MsoNormal\">En la ocasi\u00f3n, se rubric\u00f3 un memor\u00e1ndum que tiene como fin promover la cooperaci\u00f3n y el entendimiento mutuo entre Nevada y Catamarca en \u00e1reas relacionadas con la miner\u00eda, el litio y la transici\u00f3n energ\u00e9tica en general. El documento establece:<\/p>\n<p class=\"v1MsoNormal\">-Fomentar el intercambio de mejores pr\u00e1cticas en miner\u00eda, refinaci\u00f3n y gesti\u00f3n de minerales sostenibles.<\/p>\n<p class=\"v1MsoNormal\">-Promover la colaboraci\u00f3n en las cadenas de valor del litio y las bater\u00edas, incluyendo la extracci\u00f3n, el procesamiento, la fabricaci\u00f3n y el reciclaje.<\/p>\n<p class=\"v1MsoNormal\">-Apoyar la cooperaci\u00f3n acad\u00e9mica y de investigaci\u00f3n entre universidades e institutos t\u00e9cnicos para impulsar la innovaci\u00f3n en tecnolog\u00eda minera y ambiental<\/p>\n<p class=\"v1MsoNormal\">-Impulsar la capacitaci\u00f3n y el desarrollo de la fuerza laboral para fortalecer la experiencia t\u00e9cnica en las industrias de minerales cr\u00edticos.<\/p>\n<p class=\"v1MsoNormal\">-Facilitar oportunidades de comercio e inversi\u00f3n para empresas e inversionistas dedicados a la miner\u00eda, la tecnolog\u00eda y la energ\u00eda limpia.<\/p>\n<p class=\"v1MsoNormal\">-Compartir experiencias en gesti\u00f3n del agua, responsabilidad ambiental y participaci\u00f3n comunitaria en torno a las operaciones mineras.<\/p>\n<p class=\"v1MsoNormal\">La agenda de cooperaci\u00f3n se enmarca en la tradici\u00f3n en miner\u00eda que comparten Catamarca y Nevada, Estados que han construido sus econom\u00edas sobre la base del procesamiento responsable de recursos naturales, lo que llev\u00f3 a que ambas regiones sean reconocidas como actores importantes en la emergente econom\u00eda mundial del litio: Nevada es l\u00edder en la producci\u00f3n de minerales cr\u00edticos en Estados Unidos y Catamarca una de las provincias m\u00e1s ricas en recursos de Argentina.<\/p>\n<p class=\"v1MsoNormal\">Del encuentro participaron el director ejecutivo de la Universidad de Nevada, Carlos Cardillo; la vicepresidenta de Investigaci\u00f3n e Innovaci\u00f3n, Mridul Gautam; la representante de Desarrollo Comunitario y Econ\u00f3mico de Nevada, Michelle Hammond; la directora de Operaciones, Astra Ratliff, y el Estratega de Relaciones Gubernamentales de Nevada, Will Adler.<\/p>\n<p class=\"v1MsoNormal\">Por Catamarca estuvieron presentes los ministros de Educaci\u00f3n, Ciencia y Tecnolog\u00eda, Nicol\u00e1s Rosales Matienzo; de Desarrollo Productivo, Leonardo Zeballos; el rector de la UNCa, Oscar Arellano, entre otras autoridades.<\/p>\n","protected":false},"excerpt":{"rendered":"<p>Se rubric\u00f3 un memor\u00e1ndum para trabajar en una agenda de cooperaci\u00f3n. En Casa de Gobierno, el gobernador Ra\u00fal Jalil recibi\u00f3 a la Misi\u00f3n Comercial del Estado de Nevada (EE.UU.), organizada por PROMPTEAR, en el marco de una agenda de cooperaci\u00f3n internacional en miner\u00eda inteligente, innovaci\u00f3n tecnol\u00f3gica, formaci\u00f3n profesional e intercambio acad\u00e9mico. En el encuentro tambi\u00e9n [&hellip;]<\/p>\n","protected":false},"author":2,"featured_media":4774,"comment_status":"open","ping_status":"open","sticky":false,"template":"","format":"standard","meta":{"footnotes":""},"categories":[21],"tags":[],"class_list":{"0":"post-4773","1":"post","2":"type-post","3":"status-publish","4":"format-standard","5":"has-post-thumbnail","7":"category-politica"},"aioseo_notices":[],"_links":{"self":[{"href":"https:\/\/elfaroonline.com.ar\/index.php\/wp-json\/wp\/v2\/posts\/4773","targetHints":{"allow":["GET"]}}],"collection":[{"href":"https:\/\/elfaroonline.com.ar\/index.php\/wp-json\/wp\/v2\/posts"}],"about":[{"href":"https:\/\/elfaroonline.com.ar\/index.php\/wp-json\/wp\/v2\/types\/post"}],"author":[{"embeddable":true,"href":"https:\/\/elfaroonline.com.ar\/index.php\/wp-json\/wp\/v2\/users\/2"}],"replies":[{"embeddable":true,"href":"https:\/\/elfaroonline.com.ar\/index.php\/wp-json\/wp\/v2\/comments?post=4773"}],"version-history":[{"count":1,"href":"https:\/\/elfaroonline.com.ar\/index.php\/wp-json\/wp\/v2\/posts\/4773\/revisions"}],"predecessor-version":[{"id":4775,"href":"https:\/\/elfaroonline.com.ar\/index.php\/wp-json\/wp\/v2\/posts\/4773\/revisions\/4775"}],"wp:featuredmedia":[{"embeddable":true,"href":"https:\/\/elfaroonline.com.ar\/index.php\/wp-json\/wp\/v2\/media\/4774"}],"wp:attachment":[{"href":"https:\/\/elfaroonline.com.ar\/index.php\/wp-json\/wp\/v2\/media?parent=4773"}],"wp:term":[{"taxonomy":"category","embeddable":true,"href":"https:\/\/elfaroonline.com.ar\/index.php\/wp-json\/wp\/v2\/categories?post=4773"},{"taxonomy":"post_tag","embeddable":true,"href":"https:\/\/elfaroonline.com.ar\/index.php\/wp-json\/wp\/v2\/tags?post=4773"}],"curies":[{"name":"wp","href":"https:\/\/api.w.org\/{rel}","templated":true}]}}