{"id":4776,"date":"2025-11-10T19:41:44","date_gmt":"2025-11-10T22:41:44","guid":{"rendered":"https:\/\/elfaroonline.com.ar\/?p=4776"},"modified":"2025-11-10T19:41:44","modified_gmt":"2025-11-10T22:41:44","slug":"el-gobernador-raul-jalil-se-reunio-con-el-jefe-de-gabinete-y-el-ministro-del-interior-de-la-nacion","status":"publish","type":"post","link":"https:\/\/elfaroonline.com.ar\/index.php\/2025\/11\/10\/el-gobernador-raul-jalil-se-reunio-con-el-jefe-de-gabinete-y-el-ministro-del-interior-de-la-nacion\/","title":{"rendered":"El gobernador Ra\u00fal Jalil se reuni\u00f3 con el jefe de Gabinete y el ministro del Interior de la Naci\u00f3n"},"content":{"rendered":"<div dir=\"ltr\">\n<p class=\"v1MsoNormal\">En el marco de una agenda institucional, el gobernador Ra\u00fal Jalil mantuvo una reuni\u00f3n en Casa Rosada con el jefe de Gabinete de Ministros, Manuel Adorni, y el ministro del Interior, Diego Santilli.<\/p>\n<p class=\"v1MsoNormal\">Tras el encuentro, el gobernador Jalil se\u00f1al\u00f3: &#8220;Venimos a articular con el Gobierno nacional para que las obras y las inversiones que necesitamos en Catamarca se concreten. Fue una reuni\u00f3n muy cordial y productiva&#8221;.<\/p>\n<p class=\"v1MsoNormal\">Entre las obras sobre las que se dialog\u00f3 se encuentran la licitaci\u00f3n del Acueducto Albigasta, para la cual d\u00edas atr\u00e1s se realiz\u00f3 la apertura de sobres, y la ampliaci\u00f3n de la L\u00ednea de Alta Tensi\u00f3n de 220 KV y 132 KV entre Minera Alumbrera y Bel\u00e9n, que contar\u00e1 con parte de financiaci\u00f3n internacional, y es clave para el desarrollo tur\u00edstico y minero del Oeste.<\/p>\n<p class=\"v1MsoNormal\">Las autoridades tambi\u00e9n discutieron sobre la importancia de contar con un presupuesto nacional y el proyecto de ley de modernizaci\u00f3n laboral que se presentar\u00e1 en el Congreso.<\/p>\n<p class=\"v1MsoNormal\">\n<p class=\"v1MsoNormal\">Por \u00faltimo, tambi\u00e9n se convers\u00f3 sobre el traspaso definitivo de YMAD a Catamarca y la situaci\u00f3n de las empresas textiles catamarque\u00f1as que solicitaron, a trav\u00e9s del Gobernador Jalil, acciones nacionales que impulsen el sector.<\/p>\n<\/div>\n","protected":false},"excerpt":{"rendered":"<p>En el marco de una agenda institucional, el gobernador Ra\u00fal Jalil mantuvo una reuni\u00f3n en Casa Rosada con el jefe de Gabinete de Ministros, Manuel Adorni, y el ministro del Interior, Diego Santilli. Tras el encuentro, el gobernador Jalil se\u00f1al\u00f3: &#8220;Venimos a articular con el Gobierno nacional para que las obras y las inversiones que [&hellip;]<\/p>\n","protected":false},"author":2,"featured_media":4777,"comment_status":"open","ping_status":"open","sticky":false,"template":"","format":"standard","meta":{"footnotes":""},"categories":[23,21],"tags":[],"class_list":{"0":"post-4776","1":"post","2":"type-post","3":"status-publish","4":"format-standard","5":"has-post-thumbnail","7":"category-destacados","8":"category-politica"},"aioseo_notices":[],"_links":{"self":[{"href":"https:\/\/elfaroonline.com.ar\/index.php\/wp-json\/wp\/v2\/posts\/4776","targetHints":{"allow":["GET"]}}],"collection":[{"href":"https:\/\/elfaroonline.com.ar\/index.php\/wp-json\/wp\/v2\/posts"}],"about":[{"href":"https:\/\/elfaroonline.com.ar\/index.php\/wp-json\/wp\/v2\/types\/post"}],"author":[{"embeddable":true,"href":"https:\/\/elfaroonline.com.ar\/index.php\/wp-json\/wp\/v2\/users\/2"}],"replies":[{"embeddable":true,"href":"https:\/\/elfaroonline.com.ar\/index.php\/wp-json\/wp\/v2\/comments?post=4776"}],"version-history":[{"count":1,"href":"https:\/\/elfaroonline.com.ar\/index.php\/wp-json\/wp\/v2\/posts\/4776\/revisions"}],"predecessor-version":[{"id":4778,"href":"https:\/\/elfaroonline.com.ar\/index.php\/wp-json\/wp\/v2\/posts\/4776\/revisions\/4778"}],"wp:featuredmedia":[{"embeddable":true,"href":"https:\/\/elfaroonline.com.ar\/index.php\/wp-json\/wp\/v2\/media\/4777"}],"wp:attachment":[{"href":"https:\/\/elfaroonline.com.ar\/index.php\/wp-json\/wp\/v2\/media?parent=4776"}],"wp:term":[{"taxonomy":"category","embeddable":true,"href":"https:\/\/elfaroonline.com.ar\/index.php\/wp-json\/wp\/v2\/categories?post=4776"},{"taxonomy":"post_tag","embeddable":true,"href":"https:\/\/elfaroonline.com.ar\/index.php\/wp-json\/wp\/v2\/tags?post=4776"}],"curies":[{"name":"wp","href":"https:\/\/api.w.org\/{rel}","templated":true}]}}