{"id":4779,"date":"2025-11-10T19:44:37","date_gmt":"2025-11-10T22:44:37","guid":{"rendered":"https:\/\/elfaroonline.com.ar\/?p=4779"},"modified":"2025-11-10T19:44:37","modified_gmt":"2025-11-10T22:44:37","slug":"ejecutivos-de-glencore-se-reunieron-con-el-gobernador-raul-jalil","status":"publish","type":"post","link":"https:\/\/elfaroonline.com.ar\/index.php\/2025\/11\/10\/ejecutivos-de-glencore-se-reunieron-con-el-gobernador-raul-jalil\/","title":{"rendered":"Ejecutivos de Glencore se reunieron con el gobernador Ra\u00fal Jalil"},"content":{"rendered":"<p class=\"v1MsoNormal\">Durante su agenda de trabajo en Buenos Aires, el gobernador Ra\u00fal Jalil se reuni\u00f3 con el CEO de Glencore Argentina, Mart\u00edn P\u00e9rez de Solay, y el country manager, Juan Donicelli, quienes informaron acerca de los avances del proyecto MARA.<\/p>\n<p class=\"v1MsoNormal\">El encuentro reafirm\u00f3 la disposici\u00f3n del Gobierno y de la empresa para trabajar en pos de los desaf\u00edos del proyecto, las oportunidades para el desarrollo de la provincia y especialmente los beneficios socioecon\u00f3micos que genera este proyecto de clase mundial. En ese sentido, conversaron acerca de obras de infraestructura necesarias que podr\u00edan ejecutarse en beneficio de la comunidad.<\/p>\n<p class=\"v1MsoNormal\">Recientemente, MARA present\u00f3 el avance del proyecto de refuncionalizaci\u00f3n de la planta potabilizadora de agua en Choya, que consiste en un nuevo sistema de captaci\u00f3n de agua en el r\u00edo Choya. Para ello se prev\u00e9 la construcci\u00f3n de un sistema de drenes aguas arriba de la planta, mejoramiento de las ca\u00f1er\u00edas de admisi\u00f3n y el cambio de v\u00e1lvulas. Esta obra cuenta con la conformidad del Ministerio de Agua, Energ\u00eda y Medio Ambiente de la provincia de Catamarca y ya fue adjudicada a una empresa local.<\/p>\n<p class=\"v1MsoNormal\">&#8220;Con el avance del proyecto MARA podemos seguir generando empleos de calidad, potenciar el desarrollo local a trav\u00e9s de obras de infraestructura, integrando proveedores locales, y brindando capacitaci\u00f3n para el desarrollo de competencias que el sector minero necesita&#8221;, remarc\u00f3 P\u00e9rez de Solay.<\/p>\n<p class=\"v1MsoNormal\">Recientemente Glencore solicit\u00f3 la adhesi\u00f3n al R\u00e9gimen de Incentivo de Grandes Inversiones (RIGI) de sus proyectos de cobre en la Argentina, el cual brinda un marco condiciones macroecon\u00f3micas favorables para la competitividad del pa\u00eds, con un nuevo marco de estabilidad, y el gobierno de Catamarca viene demostrando un compromiso sostenido con la inversi\u00f3n minera.<\/p>\n","protected":false},"excerpt":{"rendered":"<p>Durante su agenda de trabajo en Buenos Aires, el gobernador Ra\u00fal Jalil se reuni\u00f3 con el CEO de Glencore Argentina, Mart\u00edn P\u00e9rez de Solay, y el country manager, Juan Donicelli, quienes informaron acerca de los avances del proyecto MARA. El encuentro reafirm\u00f3 la disposici\u00f3n del Gobierno y de la empresa para trabajar en pos de [&hellip;]<\/p>\n","protected":false},"author":2,"featured_media":4780,"comment_status":"open","ping_status":"open","sticky":false,"template":"","format":"standard","meta":{"footnotes":""},"categories":[23,21],"tags":[],"class_list":{"0":"post-4779","1":"post","2":"type-post","3":"status-publish","4":"format-standard","5":"has-post-thumbnail","7":"category-destacados","8":"category-politica"},"aioseo_notices":[],"_links":{"self":[{"href":"https:\/\/elfaroonline.com.ar\/index.php\/wp-json\/wp\/v2\/posts\/4779","targetHints":{"allow":["GET"]}}],"collection":[{"href":"https:\/\/elfaroonline.com.ar\/index.php\/wp-json\/wp\/v2\/posts"}],"about":[{"href":"https:\/\/elfaroonline.com.ar\/index.php\/wp-json\/wp\/v2\/types\/post"}],"author":[{"embeddable":true,"href":"https:\/\/elfaroonline.com.ar\/index.php\/wp-json\/wp\/v2\/users\/2"}],"replies":[{"embeddable":true,"href":"https:\/\/elfaroonline.com.ar\/index.php\/wp-json\/wp\/v2\/comments?post=4779"}],"version-history":[{"count":1,"href":"https:\/\/elfaroonline.com.ar\/index.php\/wp-json\/wp\/v2\/posts\/4779\/revisions"}],"predecessor-version":[{"id":4781,"href":"https:\/\/elfaroonline.com.ar\/index.php\/wp-json\/wp\/v2\/posts\/4779\/revisions\/4781"}],"wp:featuredmedia":[{"embeddable":true,"href":"https:\/\/elfaroonline.com.ar\/index.php\/wp-json\/wp\/v2\/media\/4780"}],"wp:attachment":[{"href":"https:\/\/elfaroonline.com.ar\/index.php\/wp-json\/wp\/v2\/media?parent=4779"}],"wp:term":[{"taxonomy":"category","embeddable":true,"href":"https:\/\/elfaroonline.com.ar\/index.php\/wp-json\/wp\/v2\/categories?post=4779"},{"taxonomy":"post_tag","embeddable":true,"href":"https:\/\/elfaroonline.com.ar\/index.php\/wp-json\/wp\/v2\/tags?post=4779"}],"curies":[{"name":"wp","href":"https:\/\/api.w.org\/{rel}","templated":true}]}}