{"id":4782,"date":"2025-11-10T19:47:55","date_gmt":"2025-11-10T22:47:55","guid":{"rendered":"https:\/\/elfaroonline.com.ar\/?p=4782"},"modified":"2025-11-10T19:47:55","modified_gmt":"2025-11-10T22:47:55","slug":"la-feria-del-libro-2025-cerro-una-edicion-historica-con-mas-de-365-mil-visitantes","status":"publish","type":"post","link":"https:\/\/elfaroonline.com.ar\/index.php\/2025\/11\/10\/la-feria-del-libro-2025-cerro-una-edicion-historica-con-mas-de-365-mil-visitantes\/","title":{"rendered":"La Feria del Libro 2025 cerr\u00f3 una edici\u00f3n hist\u00f3rica con m\u00e1s de 36,5 mil visitantes"},"content":{"rendered":"<p dir=\"ltr\">La XVII Feria del Libro de Catamarca culmin\u00f3 el domingo 9 de noviembre tras cuatro d\u00edas intensos de actividades, lecturas y encuentros que convocaron a miles de personas en el Centro de Arte y Tecnolog\u00eda Aplicada (CATA) y el Cine Teatro Catamarca.<\/p>\n<p dir=\"ltr\">Con un total de 125 actividades distribuidas entre ambos espacios, la feria recibi\u00f3 la visita de 36.556 , seg\u00fan los registros de las c\u00e1maras instaladas por la organizaci\u00f3n. A lo largo de las jornadas, hubo 60 stands, 50 presentaciones de libros, 23 talleres, 20 charlas y paneles, 13 obras de teatro, 3 intervenciones art\u00edsticas y 17 recitales, que llenaron de vida cultural el centro de la ciudad.<\/p>\n<p dir=\"ltr\">La ministra de Cultura, Turismo y Deporte, Daiana Rold\u00e1n, celebr\u00f3 el cierre de esta nueva edici\u00f3n destacando &#8220;la alegr\u00eda de culminar una feria en un espacio renovado, con una programaci\u00f3n amplia y diversa, y una gran participaci\u00f3n del p\u00fablico en cada una de las actividades propuestas&#8221;. &#8220;Para muchos de los que visitaron esta edici\u00f3n, fue la primera vez que pudieron participar de la feria, porque destacaron que se hizo en el centro&#8221;.<\/p>\n<p dir=\"ltr\">Por su parte, la secretaria de Gesti\u00f3n Cultural, Laura Maubecin, realiz\u00f3 un balance &#8220;muy positivo&#8221; del evento y subray\u00f3 el crecimiento de la feria tanto en cantidad de propuestas como en p\u00fablico. &#8220;Hubo m\u00e1s de 2.000 personas en los talleres del CataLab y much\u00edsimas m\u00e1s en las actividades paralelas. Nos visitaron escuelas y autores de distintos puntos de la provincia \u2014Antofagasta, Pom\u00e1n, Santa Mar\u00eda, Andalgal\u00e1, Tinogasta, Bel\u00e9n, Ancasti, Santa Rosa, Valle Viejo\u2014 y tambi\u00e9n muchos turistas. La feria se consolida como una propuesta cultural y tur\u00edstica, y CATA como una puerta abierta a la cultura catamarque\u00f1a en toda su diversidad&#8221;, expres\u00f3.<\/p>\n<p dir=\"ltr\">En materia de ventas, el reporte general del Banco Naci\u00f3n arroj\u00f3 un monto total de $27.844.018,30 en 800 operaciones, con un ticket promedio de $36.830, a lo que se suman las ventas en efectivo registradas por la Biblioteca Julio Herrera, que alcanzaron $1.500.000 y las de la Tienda CATA, de Artesan\u00edas, que super\u00f3 un mill\u00f3n en ventas.Estos n\u00fameros no contemplan las ventas en efectivo realizadas desde los diferentes stands.<\/p>\n<p dir=\"ltr\">Las librer\u00edas y editoriales participantes coincidieron en que fue una edici\u00f3n &#8220;muy exitosa&#8221;, destacando el inter\u00e9s del p\u00fablico y la buena ubicaci\u00f3n del nuevo espacio.<br \/>\nDesde Cat\u00e1logos (SFVC), Sol y Nazarena contaron que &#8220;los libros m\u00e1s buscados fueron los de Gabriel Rol\u00f3n y Viviana Rivero, pero tambi\u00e9n hubo mucho inter\u00e9s en literatura juvenil y educativa&#8221;.<\/p>\n<p dir=\"ltr\">\nJos\u00e9, de Libros para Emprendedores, celebr\u00f3 su primera participaci\u00f3n: &#8220;Fue una experiencia muy positiva por el contacto con el p\u00fablico y las editoriales. Me encant\u00f3 ver tanto entusiasmo y una organizaci\u00f3n impecable&#8221;.<\/p>\n<p dir=\"ltr\">Desde Bel\u00e9n, Nancy de Ediciones Mundo Libro destac\u00f3 las ventas de libros did\u00e1cticos y para infancias, mientras que Facundo Perea, de Octubre Libros (SFVC), valor\u00f3 la cercan\u00eda de CATA: &#8220;Al ser c\u00e9ntrico, hubo m\u00e1s concurrencia. Vendimos bien, sobre todo novelas y libros de autoayuda&#8221;.<\/p>\n<p dir=\"ltr\">Tambi\u00e9n hubo espacio para propuestas inclusivas e innovadoras. Caleido, emprendimiento de juegos did\u00e1cticos para personas con discapacidad, super\u00f3 ampliamente sus expectativas. &#8220;Nos dimos a conocer, el p\u00fablico respondi\u00f3 muy bien y las ventas fueron excelentes&#8221;, coment\u00f3 su representante, Alejandro \u00c1lvez.<\/p>\n<p dir=\"ltr\">En la misma l\u00ednea, Luc\u00eda Zaghis, de Pumpeli, creadora de juegos de mesa literarios, se\u00f1al\u00f3 que &#8220;la gente se mostr\u00f3 muy interesada y volvi\u00f3 a comprar nuevos juegos, lo que habla del v\u00ednculo que se crea a\u00f1o a a\u00f1o&#8221;.<\/p>\n<p dir=\"ltr\">El p\u00fablico tambi\u00e9n comparti\u00f3 su entusiasmo. Yani, una visitante, destac\u00f3 &#8220;la ubicaci\u00f3n c\u00e9ntrica, el ambiente colorido y la organizaci\u00f3n&#8221;. Cristina, otra asistente, celebr\u00f3 &#8220;la puesta en valor de la Casa de Gobierno hist\u00f3rica y la realizaci\u00f3n de la feria en el centro, que facilita el acceso y promueve la lectura y la cultura catamarque\u00f1a&#8221;.<\/p>\n<p dir=\"ltr\">Con esta edici\u00f3n, la Feria del Libro Catamarca reafirma su papel como uno de los encuentros culturales m\u00e1s importantes del Noroeste argentino, donde autores, editores, lectores y artistas convergen para celebrar ssszel poder de la palabra y la diversidad del pensamiento.<\/p>\n","protected":false},"excerpt":{"rendered":"<p>La XVII Feria del Libro de Catamarca culmin\u00f3 el domingo 9 de noviembre tras cuatro d\u00edas intensos de actividades, lecturas y encuentros que convocaron a miles de personas en el Centro de Arte y Tecnolog\u00eda Aplicada (CATA) y el Cine Teatro Catamarca. Con un total de 125 actividades distribuidas entre ambos espacios, la feria recibi\u00f3 [&hellip;]<\/p>\n","protected":false},"author":2,"featured_media":4783,"comment_status":"open","ping_status":"open","sticky":false,"template":"","format":"standard","meta":{"footnotes":""},"categories":[23,20],"tags":[],"class_list":{"0":"post-4782","1":"post","2":"type-post","3":"status-publish","4":"format-standard","5":"has-post-thumbnail","7":"category-destacados","8":"category-sociedad"},"aioseo_notices":[],"_links":{"self":[{"href":"https:\/\/elfaroonline.com.ar\/index.php\/wp-json\/wp\/v2\/posts\/4782","targetHints":{"allow":["GET"]}}],"collection":[{"href":"https:\/\/elfaroonline.com.ar\/index.php\/wp-json\/wp\/v2\/posts"}],"about":[{"href":"https:\/\/elfaroonline.com.ar\/index.php\/wp-json\/wp\/v2\/types\/post"}],"author":[{"embeddable":true,"href":"https:\/\/elfaroonline.com.ar\/index.php\/wp-json\/wp\/v2\/users\/2"}],"replies":[{"embeddable":true,"href":"https:\/\/elfaroonline.com.ar\/index.php\/wp-json\/wp\/v2\/comments?post=4782"}],"version-history":[{"count":1,"href":"https:\/\/elfaroonline.com.ar\/index.php\/wp-json\/wp\/v2\/posts\/4782\/revisions"}],"predecessor-version":[{"id":4784,"href":"https:\/\/elfaroonline.com.ar\/index.php\/wp-json\/wp\/v2\/posts\/4782\/revisions\/4784"}],"wp:featuredmedia":[{"embeddable":true,"href":"https:\/\/elfaroonline.com.ar\/index.php\/wp-json\/wp\/v2\/media\/4783"}],"wp:attachment":[{"href":"https:\/\/elfaroonline.com.ar\/index.php\/wp-json\/wp\/v2\/media?parent=4782"}],"wp:term":[{"taxonomy":"category","embeddable":true,"href":"https:\/\/elfaroonline.com.ar\/index.php\/wp-json\/wp\/v2\/categories?post=4782"},{"taxonomy":"post_tag","embeddable":true,"href":"https:\/\/elfaroonline.com.ar\/index.php\/wp-json\/wp\/v2\/tags?post=4782"}],"curies":[{"name":"wp","href":"https:\/\/api.w.org\/{rel}","templated":true}]}}