{"id":4785,"date":"2025-11-10T19:50:28","date_gmt":"2025-11-10T22:50:28","guid":{"rendered":"https:\/\/elfaroonline.com.ar\/?p=4785"},"modified":"2025-11-10T19:50:28","modified_gmt":"2025-11-10T22:50:28","slug":"cata-reabre-el-jueves-con-su-muestra-permanente","status":"publish","type":"post","link":"https:\/\/elfaroonline.com.ar\/index.php\/2025\/11\/10\/cata-reabre-el-jueves-con-su-muestra-permanente\/","title":{"rendered":"CATA reabre el jueves con su muestra permanente"},"content":{"rendered":"<p class=\"v1MsoNormal\">La Secretar\u00eda de Gesti\u00f3n Cultural informa que el Centro de Arte y Tecnolog\u00eda Aplicada (CATA) permanecer\u00e1 cerrado al p\u00fablico hasta el mi\u00e9rcoles 12 de noviembre, debido al desmontaje de la 17\u00ba Feria del Libro de Catamarca, que tuvo lugar en este espacio cultural.<\/p>\n<p>CATA volver\u00e1 a abrir sus puertas el jueves 13 de noviembre en sus horarios habituales, para recibir a los visitantes con su muestra permanente e interactiva que invita a conocer la identidad catamarque\u00f1a, a trav\u00e9s de sus salas de arquitectura, textil, mitos y leyendas, arqueolog\u00eda, miner\u00eda y turismo.<\/p>\n<p class=\"v1MsoNormal\">Los horarios para visitar CATA son de martes a viernes de 9 a 13 y de 15 a 20 hs y los s\u00e1bados y domingos, de 17 a 21 hs, con entrada libre y gratuita.<\/p>\n<p class=\"v1MsoNormal\"><b>Visitas grupales.<\/b> Las visitas escolares o de otros contingentes deben ser coordinadas anticipadamente, mediante reserva de d\u00eda y horario, al whatsapp <a href=\"tel:383 4220467\">383 4220467<\/a>. Esto asegura una mejor recepci\u00f3n y acompa\u00f1amiento especial durante el recorrido.<\/p>\n<p class=\"v1MsoNormal\">\n","protected":false},"excerpt":{"rendered":"<p>La Secretar\u00eda de Gesti\u00f3n Cultural informa que el Centro de Arte y Tecnolog\u00eda Aplicada (CATA) permanecer\u00e1 cerrado al p\u00fablico hasta el mi\u00e9rcoles 12 de noviembre, debido al desmontaje de la 17\u00ba Feria del Libro de Catamarca, que tuvo lugar en este espacio cultural. CATA volver\u00e1 a abrir sus puertas el jueves 13 de noviembre en [&hellip;]<\/p>\n","protected":false},"author":2,"featured_media":4786,"comment_status":"open","ping_status":"open","sticky":false,"template":"","format":"standard","meta":{"footnotes":""},"categories":[20],"tags":[],"class_list":{"0":"post-4785","1":"post","2":"type-post","3":"status-publish","4":"format-standard","5":"has-post-thumbnail","7":"category-sociedad"},"aioseo_notices":[],"_links":{"self":[{"href":"https:\/\/elfaroonline.com.ar\/index.php\/wp-json\/wp\/v2\/posts\/4785","targetHints":{"allow":["GET"]}}],"collection":[{"href":"https:\/\/elfaroonline.com.ar\/index.php\/wp-json\/wp\/v2\/posts"}],"about":[{"href":"https:\/\/elfaroonline.com.ar\/index.php\/wp-json\/wp\/v2\/types\/post"}],"author":[{"embeddable":true,"href":"https:\/\/elfaroonline.com.ar\/index.php\/wp-json\/wp\/v2\/users\/2"}],"replies":[{"embeddable":true,"href":"https:\/\/elfaroonline.com.ar\/index.php\/wp-json\/wp\/v2\/comments?post=4785"}],"version-history":[{"count":1,"href":"https:\/\/elfaroonline.com.ar\/index.php\/wp-json\/wp\/v2\/posts\/4785\/revisions"}],"predecessor-version":[{"id":4787,"href":"https:\/\/elfaroonline.com.ar\/index.php\/wp-json\/wp\/v2\/posts\/4785\/revisions\/4787"}],"wp:featuredmedia":[{"embeddable":true,"href":"https:\/\/elfaroonline.com.ar\/index.php\/wp-json\/wp\/v2\/media\/4786"}],"wp:attachment":[{"href":"https:\/\/elfaroonline.com.ar\/index.php\/wp-json\/wp\/v2\/media?parent=4785"}],"wp:term":[{"taxonomy":"category","embeddable":true,"href":"https:\/\/elfaroonline.com.ar\/index.php\/wp-json\/wp\/v2\/categories?post=4785"},{"taxonomy":"post_tag","embeddable":true,"href":"https:\/\/elfaroonline.com.ar\/index.php\/wp-json\/wp\/v2\/tags?post=4785"}],"curies":[{"name":"wp","href":"https:\/\/api.w.org\/{rel}","templated":true}]}}