{"id":4788,"date":"2025-11-10T19:52:37","date_gmt":"2025-11-10T22:52:37","guid":{"rendered":"https:\/\/elfaroonline.com.ar\/?p=4788"},"modified":"2025-11-10T19:52:37","modified_gmt":"2025-11-10T22:52:37","slug":"la-expo-catamarca-2025-apunta-a-la-integracion-regional-con-desarrollo-productivo-y-economico","status":"publish","type":"post","link":"https:\/\/elfaroonline.com.ar\/index.php\/2025\/11\/10\/la-expo-catamarca-2025-apunta-a-la-integracion-regional-con-desarrollo-productivo-y-economico\/","title":{"rendered":"La Expo Catamarca 2025 apunta a la integraci\u00f3n regional con desarrollo productivo y econ\u00f3mico"},"content":{"rendered":"<p class=\"v1MsoNormal\"><i>El importante encuentro binacional ser\u00e1 el 25 y 26 de este mes en el Predio Ferial.<\/i><\/p>\n<p class=\"v1MsoNormal\">Con la mirada puesta en el impulso del crecimiento regional sostenible y la integraci\u00f3n de valiosos sectores econ\u00f3micos y productivos, adem\u00e1s de posicionar a Catamarca como un centro estrat\u00e9gico para el comercio y la integraci\u00f3n regional, el gobierno provincial y la Federaci\u00f3n Econ\u00f3mica de Catamarca avanzan en la organizaci\u00f3n de la Expo Catamarca 2025 &#8220;Conectando Regiones-Generando Futuros&#8221;, un evento de car\u00e1cter binacional que integrar\u00e1 importantes regiones productivas argentinas y de la III Regi\u00f3n de Atacama (Chile).<\/p>\n<p class=\"v1MsoNormal\">La Expo, que cuenta con el financiamiento del Consejo Federal de Inversiones (CFI), se desarrollar\u00e1 entre el 25 y 26 de noviembre en el Predio Ferial Catamarca y ya est\u00e1n confirmadas las presencias de m\u00e1s de 100 empresas, especialmente del sector PyME, que representar\u00e1n a m\u00e1s de 10 sectores productivos, entre ellos industria, servicios mineros, turismo, log\u00edstica y tecnolog\u00eda.<\/p>\n<p class=\"v1MsoNormal\">La Expo ser\u00e1 un punto de encuentro para empresarios, inversores y emprendedores de diversos rubros, quienes podr\u00e1n explorar nuevas oportunidades de negocio, compartir experiencias y generar alianzas estrat\u00e9gicas.<\/p>\n<p class=\"v1MsoNormal\">Adem\u00e1s, ya est\u00e1n definidos los seminarios y conferencias magistrales de distintas tem\u00e1ticas que se desarrollar\u00e1n los dos d\u00edas de la Expo y que integrar\u00e1 a importantes referentes empresariales de ambos pa\u00edses.<\/p>\n<p class=\"v1MsoNormal\"><b>Desaf\u00edos del Corredor bioce\u00e1nico<\/b><\/p>\n<p class=\"v1MsoNormal\">Durante las dos jornadas se abordar\u00e1n los principales desaf\u00edos y oportunidades vinculados al desarrollo del Corredor Ferroviario Bioce\u00e1nico a trav\u00e9s del Paso Internacional de San Francisco, con especial \u00e9nfasis en la log\u00edstica multimodal, la infraestructura energ\u00e9tica e h\u00eddrica, la cooperaci\u00f3n institucional y la generaci\u00f3n de cadenas de valor trasandinas.<\/p>\n<p class=\"v1MsoNormal\">Los seminarios abordar\u00e1n los siguientes ejes tem\u00e1ticos: &#8220;Suministros estrat\u00e9gicos para el desarrollo sostenible&#8221;, &#8220;Corredor bioce\u00e1nico multimodal, conectividad y log\u00edstica integral&#8221;, &#8220;Miner\u00eda, Oportunidades y desaf\u00edos&#8221; y &#8220;Turismo, Circuitos y Oportunidades de Negocio&#8221;.<\/p>\n<p class=\"v1MsoNormal\">Tambi\u00e9n se incluir\u00e1n los ejes &#8220;Conectando fronteras, rutas para potenciar la oferta regional&#8221; y &#8220;Econom\u00eda Regional: Valor Agregado, Cadenas de Valor y Oportunidades&#8221;.<\/p>\n<p class=\"v1MsoNormal\">El encuentro binacional convocar\u00e1 a autoridades, c\u00e1maras empresariales, productores e inversores argentinos y chilenos.<\/p>\n","protected":false},"excerpt":{"rendered":"<p>El importante encuentro binacional ser\u00e1 el 25 y 26 de este mes en el Predio Ferial. Con la mirada puesta en el impulso del crecimiento regional sostenible y la integraci\u00f3n de valiosos sectores econ\u00f3micos y productivos, adem\u00e1s de posicionar a Catamarca como un centro estrat\u00e9gico para el comercio y la integraci\u00f3n regional, el gobierno provincial [&hellip;]<\/p>\n","protected":false},"author":2,"featured_media":4789,"comment_status":"open","ping_status":"open","sticky":false,"template":"","format":"standard","meta":{"footnotes":""},"categories":[23,20],"tags":[],"class_list":{"0":"post-4788","1":"post","2":"type-post","3":"status-publish","4":"format-standard","5":"has-post-thumbnail","7":"category-destacados","8":"category-sociedad"},"aioseo_notices":[],"_links":{"self":[{"href":"https:\/\/elfaroonline.com.ar\/index.php\/wp-json\/wp\/v2\/posts\/4788","targetHints":{"allow":["GET"]}}],"collection":[{"href":"https:\/\/elfaroonline.com.ar\/index.php\/wp-json\/wp\/v2\/posts"}],"about":[{"href":"https:\/\/elfaroonline.com.ar\/index.php\/wp-json\/wp\/v2\/types\/post"}],"author":[{"embeddable":true,"href":"https:\/\/elfaroonline.com.ar\/index.php\/wp-json\/wp\/v2\/users\/2"}],"replies":[{"embeddable":true,"href":"https:\/\/elfaroonline.com.ar\/index.php\/wp-json\/wp\/v2\/comments?post=4788"}],"version-history":[{"count":1,"href":"https:\/\/elfaroonline.com.ar\/index.php\/wp-json\/wp\/v2\/posts\/4788\/revisions"}],"predecessor-version":[{"id":4790,"href":"https:\/\/elfaroonline.com.ar\/index.php\/wp-json\/wp\/v2\/posts\/4788\/revisions\/4790"}],"wp:featuredmedia":[{"embeddable":true,"href":"https:\/\/elfaroonline.com.ar\/index.php\/wp-json\/wp\/v2\/media\/4789"}],"wp:attachment":[{"href":"https:\/\/elfaroonline.com.ar\/index.php\/wp-json\/wp\/v2\/media?parent=4788"}],"wp:term":[{"taxonomy":"category","embeddable":true,"href":"https:\/\/elfaroonline.com.ar\/index.php\/wp-json\/wp\/v2\/categories?post=4788"},{"taxonomy":"post_tag","embeddable":true,"href":"https:\/\/elfaroonline.com.ar\/index.php\/wp-json\/wp\/v2\/tags?post=4788"}],"curies":[{"name":"wp","href":"https:\/\/api.w.org\/{rel}","templated":true}]}}