{"id":4805,"date":"2025-11-19T20:04:33","date_gmt":"2025-11-19T23:04:33","guid":{"rendered":"https:\/\/elfaroonline.com.ar\/?p=4805"},"modified":"2025-11-19T20:04:33","modified_gmt":"2025-11-19T23:04:33","slug":"el-gobernador-raul-jalil-participo-de-la-mesa-del-cobre-en-el-finance-day-tsx-roadshow-de-mendoza","status":"publish","type":"post","link":"https:\/\/elfaroonline.com.ar\/index.php\/2025\/11\/19\/el-gobernador-raul-jalil-participo-de-la-mesa-del-cobre-en-el-finance-day-tsx-roadshow-de-mendoza\/","title":{"rendered":"El gobernador Ra\u00fal Jalil particip\u00f3 de la Mesa del Cobre en el Finance Day &#038; TSX Roadshow de Mendoza"},"content":{"rendered":"<div dir=\"ltr\">\n<div dir=\"ltr\">\n<p class=\"v1MsoNormal\"><i>Los gobernadores resaltaron la necesidad de obras de infraestructura con apoyo del gobierno nacional y privados.<\/i><\/p>\n<p class=\"v1MsoNormal\">Mendoza fue sede del panel de gobernadores de la Mesa del Cobre, en el marco de la 4th LATAM &amp; Argentina Critical Minerals Summit 2025. El gobernador Ra\u00fal Jalil, junto al anfitri\u00f3n Alfredo Cornejo, particip\u00f3 en el panel junto a Marcelo Orrego (San Juan) y Carlos Sadir (Jujuy), donde se analiz\u00f3 la actualidad de los minerales cr\u00edticos, las prioridades para acelerar el desarrollo minero y el potencial de atracci\u00f3n de inversiones en cada jurisdicci\u00f3n.<\/p>\n<p class=\"v1MsoNormal\">La actividad se desarroll\u00f3 en la Bolsa de Comercio de Mendoza y form\u00f3 parte de la 4th LATAM &amp; Argentina Critical Minerals Summit 2025, que re\u00fane a empresas, fondos de inversi\u00f3n, organismos internacionales y autoridades provinciales.<\/p>\n<p class=\"v1MsoNormal\">Durante su participaci\u00f3n en el panel, el gobernador Ra\u00fal Jalil expres\u00f3 que &#8220;as\u00ed como conformamos la Mesa del Litio junto a Jujuy y Salta, hoy la Mesa del Cobre se consolida como una verdadera pol\u00edtica de Estado para diversificar la matriz econ\u00f3mica de las provincias&#8221;. Adem\u00e1s, sostuvo que &#8220;Catamarca tiene una trayectoria minera hist\u00f3rica. Hemos trabajado para fortalecer el consenso social a trav\u00e9s de herramientas como el fideicomiso minero, que destina regal\u00edas, canon de agua y responsabilidad social exclusivamente a las comunidades de influencia&#8221;.<\/p>\n<p class=\"v1MsoNormal\">Se\u00f1al\u00f3 que la infraestructura es el gran desaf\u00edo para seguir creciendo: &#8220;Necesitamos nuevas l\u00edneas de energ\u00eda, obras de gasificaci\u00f3n y proyectos que articulen esfuerzos entre Naci\u00f3n, provincias y el sector privado. Todas las provincias entendemos el rol central de los minerales cr\u00edticos en la transici\u00f3n energ\u00e9tica y en la lucha contra el cambio clim\u00e1tico. Por eso acompa\u00f1amos la idea de avanzar hacia un r\u00e9gimen legal especial que garantice seguridad jur\u00eddica y estabilidad impositiva para una actividad que requiere inversiones de muy largo plazo&#8221;.<\/p>\n<p class=\"v1MsoNormal\">Antes de finalizar, coment\u00f3 que comparte el planteo de su par mendocino, Alfredo Cornejo: &#8220;Debemos generar condiciones para atraer fondos internacionales y asegurar que la miner\u00eda contribuya no solo al crecimiento macroecon\u00f3mico, sino tambi\u00e9n a mejorar la calidad de vida en cada una de nuestras provincias&#8221;.<\/p>\n<p class=\"v1MsoNormal\">El Gobernador Cornejo, al ser consultado sobre qu\u00e9 necesitan nuestras provincias para desarrollar la miner\u00eda, se\u00f1al\u00f3 que &#8220;en primer lugar, es imprescindible reforzar la infraestructura b\u00e1sica&#8221; y explic\u00f3: &#8220;Necesitamos m\u00e1s energ\u00eda y mejor transmisi\u00f3n el\u00e9ctrica, algo que es una competencia concurrente entre Naci\u00f3n y provincias. All\u00ed, se requiere un compromiso mucho m\u00e1s claro del sector p\u00fablico, pero tambi\u00e9n de los privados, que deben acompa\u00f1ar con inversiones concretas&#8221;.<\/p>\n<p class=\"v1MsoNormal\"><b>M\u00e1s sobre la jornada<\/b><\/p>\n<p class=\"v1MsoNormal\">La jornada incluy\u00f3, adem\u00e1s, presentaciones del Toronto Stock Exchange (TSX) junto a Banco Macro, Banco Galicia, EY y la C\u00e1mara Argentina de Empresarios Mineros (CAEM), quienes expusieron sobre oportunidades de inversi\u00f3n y los marcos normativos que Argentina busca consolidar para estimular el ingreso de capitales. La presencia de embajadores de Suecia, India, Canad\u00e1 y representantes de la Uni\u00f3n Europea reforz\u00f3 el perfil internacional del encuentro.<\/p>\n<p class=\"v1MsoNormal\">El Finance Day &amp; TSX Roadshow culminar\u00e1 con la actividad Mines &amp; Wines, un encuentro de networking en bodegas que combina promoci\u00f3n de inversiones con la identidad vitivin\u00edcola mendocina, posicionando a la provincia como anfitriona de alto nivel en la discusi\u00f3n global sobre minerales cr\u00edticos y transici\u00f3n energ\u00e9tica.<\/p>\n<\/div>\n<\/div>\n","protected":false},"excerpt":{"rendered":"<p>Los gobernadores resaltaron la necesidad de obras de infraestructura con apoyo del gobierno nacional y privados. Mendoza fue sede del panel de gobernadores de la Mesa del Cobre, en el marco de la 4th LATAM &amp; Argentina Critical Minerals Summit 2025. El gobernador Ra\u00fal Jalil, junto al anfitri\u00f3n Alfredo Cornejo, particip\u00f3 en el panel junto [&hellip;]<\/p>\n","protected":false},"author":2,"featured_media":4806,"comment_status":"open","ping_status":"open","sticky":false,"template":"","format":"standard","meta":{"footnotes":""},"categories":[21],"tags":[],"class_list":{"0":"post-4805","1":"post","2":"type-post","3":"status-publish","4":"format-standard","5":"has-post-thumbnail","7":"category-politica"},"aioseo_notices":[],"_links":{"self":[{"href":"https:\/\/elfaroonline.com.ar\/index.php\/wp-json\/wp\/v2\/posts\/4805","targetHints":{"allow":["GET"]}}],"collection":[{"href":"https:\/\/elfaroonline.com.ar\/index.php\/wp-json\/wp\/v2\/posts"}],"about":[{"href":"https:\/\/elfaroonline.com.ar\/index.php\/wp-json\/wp\/v2\/types\/post"}],"author":[{"embeddable":true,"href":"https:\/\/elfaroonline.com.ar\/index.php\/wp-json\/wp\/v2\/users\/2"}],"replies":[{"embeddable":true,"href":"https:\/\/elfaroonline.com.ar\/index.php\/wp-json\/wp\/v2\/comments?post=4805"}],"version-history":[{"count":1,"href":"https:\/\/elfaroonline.com.ar\/index.php\/wp-json\/wp\/v2\/posts\/4805\/revisions"}],"predecessor-version":[{"id":4808,"href":"https:\/\/elfaroonline.com.ar\/index.php\/wp-json\/wp\/v2\/posts\/4805\/revisions\/4808"}],"wp:featuredmedia":[{"embeddable":true,"href":"https:\/\/elfaroonline.com.ar\/index.php\/wp-json\/wp\/v2\/media\/4806"}],"wp:attachment":[{"href":"https:\/\/elfaroonline.com.ar\/index.php\/wp-json\/wp\/v2\/media?parent=4805"}],"wp:term":[{"taxonomy":"category","embeddable":true,"href":"https:\/\/elfaroonline.com.ar\/index.php\/wp-json\/wp\/v2\/categories?post=4805"},{"taxonomy":"post_tag","embeddable":true,"href":"https:\/\/elfaroonline.com.ar\/index.php\/wp-json\/wp\/v2\/tags?post=4805"}],"curies":[{"name":"wp","href":"https:\/\/api.w.org\/{rel}","templated":true}]}}