{"id":4812,"date":"2025-11-19T20:27:34","date_gmt":"2025-11-19T23:27:34","guid":{"rendered":"https:\/\/elfaroonline.com.ar\/?p=4812"},"modified":"2025-11-19T20:27:34","modified_gmt":"2025-11-19T23:27:34","slug":"el-gobernador-recibio-a-la-mama-de-nahuel-gallo-y-expreso-su-preocupacion-por-su-situacion-en-venezuela","status":"publish","type":"post","link":"https:\/\/elfaroonline.com.ar\/index.php\/2025\/11\/19\/el-gobernador-recibio-a-la-mama-de-nahuel-gallo-y-expreso-su-preocupacion-por-su-situacion-en-venezuela\/","title":{"rendered":"El Gobernador recibi\u00f3 a la mam\u00e1 de Nahuel Gallo y expres\u00f3 su preocupaci\u00f3n por su situaci\u00f3n en Venezuela"},"content":{"rendered":"<p class=\"v1MsoNormal\">El gobernador Ra\u00fal Jalil, junto al ministro de Gobierno, Seguridad y Justicia, Fernando Monguillot, recibi\u00f3 en Casa de Gobierno a Griselda Heredia, madre de Nahuel Gallo, el gendarme catamarque\u00f1o que permanece detenido de manera irregular en Venezuela y cuyo caso cumplir\u00e1 un a\u00f1o el pr\u00f3ximo 8 de diciembre.<\/p>\n<p class=\"v1MsoNormal\">En el encuentro, el Gobernador y el ministro expresaron su preocupaci\u00f3n por la situaci\u00f3n de Nahuel y reiteraron el compromiso del Gobierno provincial de acompa\u00f1ar a su familia en todas las gestiones necesarias para lograr su liberaci\u00f3n.<\/p>\n<p class=\"v1MsoNormal\">En este sentido, Ra\u00fal comunic\u00f3 a la madre que enviar\u00e1 una carta al nuevo Papa Le\u00f3n XIV solicitando su intervenci\u00f3n humanitaria. Asimismo, se recurrir\u00e1 a organismos internacionales con el fin de visibilizar el caso y promover acciones diplom\u00e1ticas que permitan destrabar la situaci\u00f3n.<\/p>\n","protected":false},"excerpt":{"rendered":"<p>El gobernador Ra\u00fal Jalil, junto al ministro de Gobierno, Seguridad y Justicia, Fernando Monguillot, recibi\u00f3 en Casa de Gobierno a Griselda Heredia, madre de Nahuel Gallo, el gendarme catamarque\u00f1o que permanece detenido de manera irregular en Venezuela y cuyo caso cumplir\u00e1 un a\u00f1o el pr\u00f3ximo 8 de diciembre. En el encuentro, el Gobernador y el [&hellip;]<\/p>\n","protected":false},"author":2,"featured_media":4813,"comment_status":"open","ping_status":"open","sticky":false,"template":"","format":"standard","meta":{"footnotes":""},"categories":[20],"tags":[],"class_list":{"0":"post-4812","1":"post","2":"type-post","3":"status-publish","4":"format-standard","5":"has-post-thumbnail","7":"category-sociedad"},"aioseo_notices":[],"_links":{"self":[{"href":"https:\/\/elfaroonline.com.ar\/index.php\/wp-json\/wp\/v2\/posts\/4812","targetHints":{"allow":["GET"]}}],"collection":[{"href":"https:\/\/elfaroonline.com.ar\/index.php\/wp-json\/wp\/v2\/posts"}],"about":[{"href":"https:\/\/elfaroonline.com.ar\/index.php\/wp-json\/wp\/v2\/types\/post"}],"author":[{"embeddable":true,"href":"https:\/\/elfaroonline.com.ar\/index.php\/wp-json\/wp\/v2\/users\/2"}],"replies":[{"embeddable":true,"href":"https:\/\/elfaroonline.com.ar\/index.php\/wp-json\/wp\/v2\/comments?post=4812"}],"version-history":[{"count":1,"href":"https:\/\/elfaroonline.com.ar\/index.php\/wp-json\/wp\/v2\/posts\/4812\/revisions"}],"predecessor-version":[{"id":4815,"href":"https:\/\/elfaroonline.com.ar\/index.php\/wp-json\/wp\/v2\/posts\/4812\/revisions\/4815"}],"wp:featuredmedia":[{"embeddable":true,"href":"https:\/\/elfaroonline.com.ar\/index.php\/wp-json\/wp\/v2\/media\/4813"}],"wp:attachment":[{"href":"https:\/\/elfaroonline.com.ar\/index.php\/wp-json\/wp\/v2\/media?parent=4812"}],"wp:term":[{"taxonomy":"category","embeddable":true,"href":"https:\/\/elfaroonline.com.ar\/index.php\/wp-json\/wp\/v2\/categories?post=4812"},{"taxonomy":"post_tag","embeddable":true,"href":"https:\/\/elfaroonline.com.ar\/index.php\/wp-json\/wp\/v2\/tags?post=4812"}],"curies":[{"name":"wp","href":"https:\/\/api.w.org\/{rel}","templated":true}]}}