{"id":4816,"date":"2025-11-19T20:34:49","date_gmt":"2025-11-19T23:34:49","guid":{"rendered":"https:\/\/elfaroonline.com.ar\/?p=4816"},"modified":"2025-11-19T20:34:49","modified_gmt":"2025-11-19T23:34:49","slug":"un-finde-xl-para-disfrutar-de-las-experiencias-los-paisajes-y-los-sabores-de-catamarca","status":"publish","type":"post","link":"https:\/\/elfaroonline.com.ar\/index.php\/2025\/11\/19\/un-finde-xl-para-disfrutar-de-las-experiencias-los-paisajes-y-los-sabores-de-catamarca\/","title":{"rendered":"Un finde XL para disfrutar de las experiencias, los paisajes y los sabores de Catamarca"},"content":{"rendered":"<p class=\"v1MsoNormal\">Este fin de semana largo habr\u00e1 una gran variedad de experiencias y de actividades para disfrutar en Catamarca. Se podr\u00e1 realizar recorridos por espacios naturales, astroturismo, ver teatro, escuchar m\u00fasica en vivo, conocer ferias gastron\u00f3micas y degustar vinos catamarque\u00f1os. La propuesta abarca actividades los d\u00edas jueves 20, viernes 21, s\u00e1bado 22, domingo 23 y lunes 24 de noviembre.<\/p>\n<p class=\"v1MsoNormal\">\n<p class=\"v1MsoNormal\">El jueves, en la ciudad Capital, habr\u00e1 trekking por el sendero Arroyo Lascano y Aguada, en el Pueblo Perdido de La Quebrada, desde las 15.30. Tambi\u00e9n se presentar\u00e1 el psicoanalista Gabriel Rol\u00f3n, con su obra teatral &#8220;Palabra Plena&#8221;, a partir de las 21.00, en el Cine Teatro Catamarca. La otra cita con el teatro ser\u00e1 con la obra &#8220;Villa Gadilla&#8221;, a las 21.00, en la Biblioteca Dr. Julio Herrera. &#8220;Villa Gadilla&#8221; tendr\u00e1 una segunda funci\u00f3n el s\u00e1bado 22, a la misma hora y en el mismo lugar.<\/p>\n<p class=\"v1MsoNormal\">\n<p class=\"v1MsoNormal\">El viernes, en la Capital, se podr\u00e1 deleitar el paladar con los sabores locales con La Torrader\u00eda &#8220;Tienda de Sabores Nativos&#8221;, en el Pueblo Perdido de La Quebrada, de 9.00 a 14.00 y de 16.00 a 19.00. En Andalgal\u00e1, habr\u00e1 Astro camping, con una noche espectacular bajo las estrellas, en Cerro Tatul, a las 20.00. En Santa Mar\u00eda, se realizar\u00e1 una caminata a los cerros de colores, en El Chorro, a las 17.30; y habr\u00e1 astroturismo, en el mismo lugar, pero a las 20.30. Pacl\u00edn, por su parte, llevar\u00e1 a los turistas a la naturaleza y al cine: senderismo en Laguna Escondida a las 8.00, cabalgata guiada en Finca Pacl\u00edn Viejo a las 14.00 (se repite s\u00e1bado y domingo), y cine en El S\u00f3tano, en La Merced, a las 18.00.<\/p>\n<p class=\"v1MsoNormal\">\n<p class=\"v1MsoNormal\">El s\u00e1bado 22, en la Capital, se desarrollar\u00e1 la feria de Artesan\u00eda y Dise\u00f1o, una clase abierta de danza fusi\u00f3n y un concierto en la Casa de la Puna, a partir de las 19.00. El Pueblo Perdido de La Quebrada tendr\u00e1 una serie de actividades: avistaje de aves y caminata a las 08.00, habilidades ancestrales y t\u00e9cnicas de supervivencia a las 17.00, experiencia de astroturismo, con caminata al atardecer y astrofotos a las 19.00.<\/p>\n<p class=\"v1MsoNormal\">\n<p class=\"v1MsoNormal\">En Andalgal\u00e1, se podr\u00e1 hacer senderismo interpretativo a la Casa de Piedra, en La Toma, a las 10.00 y recorrer la feria gastron\u00f3mica de Choya, en la Plaza de Choya, desde las 21.00. En Aconquija, tambi\u00e9n habr\u00e1 feria de artesanos y emprendedores, en el Paseo de la Vida, a partir de las 11.00.<\/p>\n<p class=\"v1MsoNormal\">\n<p class=\"v1MsoNormal\">Antofagasta de la Sierra ser\u00e1 el escenario del Puna Bike Adventure, un evento deportivo y tur\u00edstico imperdible que se har\u00e1 en El Pe\u00f1\u00f3n, desde las 8 hs. En Londres, Bel\u00e9n, se realizar\u00e1 por primera vez el Festival del Telar en el Club Racing de Londres, a las 19 hs. Y en Corral Quemado, se desarrollar\u00e1 el tercer Encuentro de Ra\u00edces Diaguitas, en Casa Corral, desde las 12.00. Este encuentro tendr\u00e1 continuidad el domingo.<\/p>\n<p class=\"v1MsoNormal\">\n<p class=\"v1MsoNormal\">Tinogasta, con el evento &#8220;Tinogasta es vino&#8221;, ofrecer\u00e1 experiencias de enoturismo y degustaci\u00f3n guiada, en el Museo del Sabor, a partir de las 18.00. Tambi\u00e9n propondr\u00e1 visitar la Ruta del Adobe con observaci\u00f3n solar, a las 8.00, con salida desde el Museo del Sabor. Por la noche, habr\u00e1 una cena show con artistas locales, en el Espacio La Minga, desde las 22.00.<\/p>\n<p class=\"v1MsoNormal\">\n<p class=\"v1MsoNormal\">En Pacl\u00edn, el s\u00e1bado se podr\u00e1 hacer senderismo en El Salt\u00f3n y Meandro a las 9 hs; presenciar el Tercer Festival de Doma y Tradici\u00f3n en Balcozna de Afuera a partir de las 10 hs; y recorrer la Feria Paclinense en La Merced, desde las 17 hs.<\/p>\n<p class=\"v1MsoNormal\">\n<p class=\"v1MsoNormal\">En tanto, en El Rodeo, habr\u00e1 trekking al Chato con salida desde la Oficina de Informaci\u00f3n Tur\u00edstica desde las 9.00; y la feria de emprendedores en la Plaza de los Ni\u00f1os a las 16. Esta feria tendr\u00e1 continuidad el domingo.<\/p>\n<p class=\"v1MsoNormal\">\n<p class=\"v1MsoNormal\">El domingo 23, en Santa Mar\u00eda, se har\u00e1 una caminata a los cerros de colores, en El Chorro, desde las 17.30. En Tinogasta, finalizar\u00e1 &#8220;Tinogasta es vino&#8221; con un espect\u00e1culo art\u00edstico en la Plaza 25 de Mayo, a partir de las 19.30. En Andalgal\u00e1, habr\u00e1 cena y degustaci\u00f3n de vinos catamarque\u00f1os en bodega El Symbol, a las 21.00.<\/p>\n<p class=\"v1MsoNormal\">\n<p class=\"v1MsoNormal\">En la Capital, se podr\u00e1 participar de una clase abierta de chacarera, en la Casa de la Puna, a las 19 hs, junto con una nueva edici\u00f3n de la Feria de Artesan\u00edas y Dise\u00f1o. Adem\u00e1s, habr\u00e1 otra noche de astroturismo con observaci\u00f3n de la luna, charla y astrofotos, en el mismo lugar, a las 20.<\/p>\n<p class=\"v1MsoNormal\">\n<p class=\"v1MsoNormal\">El lunes, en Pacl\u00edn, el senderismo volver\u00e1 a tomar protagonismo, con el recorrido por la yunga y los t\u00faneles, desde las 9 hs.<\/p>\n<p class=\"v1MsoNormal\">En el Ecoparque El Jumeal habr\u00e1 todos los d\u00edas del fin de semana, actividades de trekking, escalada, rapel, hidropedales y huellas verticales, ofrecidas por distintos prestadores autorizados. Y el domingo, se suma la posibilidad de hacer tirolesa.<\/p>\n<p class=\"v1MsoNormal\">\n<p class=\"v1MsoNormal\"><b>Info y reservas<\/b><\/p>\n<p class=\"v1MsoNormal\">Para saber m\u00e1s sobre costos, reservas y modalidades de las propuestas tur\u00edsticas del fin de semana largo se puede consultar la secci\u00f3n agenda de <a href=\"http:\/\/visitcatamarca.com\/\" target=\"_blank\" rel=\"noopener noreferrer\">visitcatamarca.com<\/a> o las redes sociales de Turismo de cada municipio.<\/p>\n","protected":false},"excerpt":{"rendered":"<p>Este fin de semana largo habr\u00e1 una gran variedad de experiencias y de actividades para disfrutar en Catamarca. Se podr\u00e1 realizar recorridos por espacios naturales, astroturismo, ver teatro, escuchar m\u00fasica en vivo, conocer ferias gastron\u00f3micas y degustar vinos catamarque\u00f1os. La propuesta abarca actividades los d\u00edas jueves 20, viernes 21, s\u00e1bado 22, domingo 23 y lunes [&hellip;]<\/p>\n","protected":false},"author":2,"featured_media":4817,"comment_status":"open","ping_status":"open","sticky":false,"template":"","format":"standard","meta":{"footnotes":""},"categories":[20],"tags":[],"class_list":{"0":"post-4816","1":"post","2":"type-post","3":"status-publish","4":"format-standard","5":"has-post-thumbnail","7":"category-sociedad"},"aioseo_notices":[],"_links":{"self":[{"href":"https:\/\/elfaroonline.com.ar\/index.php\/wp-json\/wp\/v2\/posts\/4816","targetHints":{"allow":["GET"]}}],"collection":[{"href":"https:\/\/elfaroonline.com.ar\/index.php\/wp-json\/wp\/v2\/posts"}],"about":[{"href":"https:\/\/elfaroonline.com.ar\/index.php\/wp-json\/wp\/v2\/types\/post"}],"author":[{"embeddable":true,"href":"https:\/\/elfaroonline.com.ar\/index.php\/wp-json\/wp\/v2\/users\/2"}],"replies":[{"embeddable":true,"href":"https:\/\/elfaroonline.com.ar\/index.php\/wp-json\/wp\/v2\/comments?post=4816"}],"version-history":[{"count":1,"href":"https:\/\/elfaroonline.com.ar\/index.php\/wp-json\/wp\/v2\/posts\/4816\/revisions"}],"predecessor-version":[{"id":4818,"href":"https:\/\/elfaroonline.com.ar\/index.php\/wp-json\/wp\/v2\/posts\/4816\/revisions\/4818"}],"wp:featuredmedia":[{"embeddable":true,"href":"https:\/\/elfaroonline.com.ar\/index.php\/wp-json\/wp\/v2\/media\/4817"}],"wp:attachment":[{"href":"https:\/\/elfaroonline.com.ar\/index.php\/wp-json\/wp\/v2\/media?parent=4816"}],"wp:term":[{"taxonomy":"category","embeddable":true,"href":"https:\/\/elfaroonline.com.ar\/index.php\/wp-json\/wp\/v2\/categories?post=4816"},{"taxonomy":"post_tag","embeddable":true,"href":"https:\/\/elfaroonline.com.ar\/index.php\/wp-json\/wp\/v2\/tags?post=4816"}],"curies":[{"name":"wp","href":"https:\/\/api.w.org\/{rel}","templated":true}]}}