{"id":4819,"date":"2025-11-19T20:36:36","date_gmt":"2025-11-19T23:36:36","guid":{"rendered":"https:\/\/elfaroonline.com.ar\/?p=4819"},"modified":"2025-11-19T20:36:36","modified_gmt":"2025-11-19T23:36:36","slug":"aconquija-se-definieron-las-obras-que-estaran-incluidas-en-el-presupuesto-2026","status":"publish","type":"post","link":"https:\/\/elfaroonline.com.ar\/index.php\/2025\/11\/19\/aconquija-se-definieron-las-obras-que-estaran-incluidas-en-el-presupuesto-2026\/","title":{"rendered":"Aconquija: se definieron las obras que estar\u00e1n incluidas en el presupuesto 2026"},"content":{"rendered":"<p class=\"v1MsoNormal\">Durante la jornada de este lunes, el gobernador Ra\u00fal Jalil recibi\u00f3 en Casa de Gobierno al intendente de Aconquija, Cristian Guti\u00e9rrez, y el senador departamental por Andalgal\u00e1, Horacio Guti\u00e9rrez, con el objetivo de definir las obras que ser\u00e1n incluidas en el presupuesto 2026.<\/p>\n<p class=\"v1MsoNormal\">El equipo de gobierno viene trabajando en la configuraci\u00f3n del presupuesto del pr\u00f3ximo a\u00f1o desde hace semanas y ha recibido a los intendentes de las diferentes jurisdicciones para contemplar los pedidos de obra.<\/p>\n<p class=\"v1MsoNormal\">En el caso de Aconquija, el intendente y senador solicitaron la pavimentaci\u00f3n del tramo que une R\u00edo Potrero con Yunka Suma, un corredor vial de 4 kil\u00f3metros que permitir\u00e1 mejorar la conectividad interna y fortalecer el desarrollo tur\u00edstico y productivo de la zona.<\/p>\n<p class=\"v1MsoNormal\">Adem\u00e1s, se confirm\u00f3 que se incluir\u00e1 en la planificaci\u00f3n 2026 las obras del Polideportivo de Aconquija, infraestructura que permitir\u00e1 ampliar las actividades deportivas y recreativas para toda la comunidad, y una obra vial sobre R\u00edo C\u00f3ndor Huasi en el sector del cementerio en Alumbrera.<\/p>\n","protected":false},"excerpt":{"rendered":"<p>Durante la jornada de este lunes, el gobernador Ra\u00fal Jalil recibi\u00f3 en Casa de Gobierno al intendente de Aconquija, Cristian Guti\u00e9rrez, y el senador departamental por Andalgal\u00e1, Horacio Guti\u00e9rrez, con el objetivo de definir las obras que ser\u00e1n incluidas en el presupuesto 2026. El equipo de gobierno viene trabajando en la configuraci\u00f3n del presupuesto del [&hellip;]<\/p>\n","protected":false},"author":2,"featured_media":4820,"comment_status":"open","ping_status":"open","sticky":false,"template":"","format":"standard","meta":{"footnotes":""},"categories":[21],"tags":[],"class_list":{"0":"post-4819","1":"post","2":"type-post","3":"status-publish","4":"format-standard","5":"has-post-thumbnail","7":"category-politica"},"aioseo_notices":[],"_links":{"self":[{"href":"https:\/\/elfaroonline.com.ar\/index.php\/wp-json\/wp\/v2\/posts\/4819","targetHints":{"allow":["GET"]}}],"collection":[{"href":"https:\/\/elfaroonline.com.ar\/index.php\/wp-json\/wp\/v2\/posts"}],"about":[{"href":"https:\/\/elfaroonline.com.ar\/index.php\/wp-json\/wp\/v2\/types\/post"}],"author":[{"embeddable":true,"href":"https:\/\/elfaroonline.com.ar\/index.php\/wp-json\/wp\/v2\/users\/2"}],"replies":[{"embeddable":true,"href":"https:\/\/elfaroonline.com.ar\/index.php\/wp-json\/wp\/v2\/comments?post=4819"}],"version-history":[{"count":1,"href":"https:\/\/elfaroonline.com.ar\/index.php\/wp-json\/wp\/v2\/posts\/4819\/revisions"}],"predecessor-version":[{"id":4821,"href":"https:\/\/elfaroonline.com.ar\/index.php\/wp-json\/wp\/v2\/posts\/4819\/revisions\/4821"}],"wp:featuredmedia":[{"embeddable":true,"href":"https:\/\/elfaroonline.com.ar\/index.php\/wp-json\/wp\/v2\/media\/4820"}],"wp:attachment":[{"href":"https:\/\/elfaroonline.com.ar\/index.php\/wp-json\/wp\/v2\/media?parent=4819"}],"wp:term":[{"taxonomy":"category","embeddable":true,"href":"https:\/\/elfaroonline.com.ar\/index.php\/wp-json\/wp\/v2\/categories?post=4819"},{"taxonomy":"post_tag","embeddable":true,"href":"https:\/\/elfaroonline.com.ar\/index.php\/wp-json\/wp\/v2\/tags?post=4819"}],"curies":[{"name":"wp","href":"https:\/\/api.w.org\/{rel}","templated":true}]}}