{"id":4842,"date":"2025-11-19T21:29:20","date_gmt":"2025-11-20T00:29:20","guid":{"rendered":"https:\/\/elfaroonline.com.ar\/?p=4842"},"modified":"2025-11-19T21:29:20","modified_gmt":"2025-11-20T00:29:20","slug":"coimas-en-la-andis-spagnuolo-se-nego-a-responder-preguntas-y-su-abogado-dijo-que-los-audios-fueron-manipulados","status":"publish","type":"post","link":"https:\/\/elfaroonline.com.ar\/index.php\/2025\/11\/19\/coimas-en-la-andis-spagnuolo-se-nego-a-responder-preguntas-y-su-abogado-dijo-que-los-audios-fueron-manipulados\/","title":{"rendered":"Coimas en la ANDIS: Spagnuolo se neg\u00f3 a responder preguntas y su abogado dijo que los audios fueron manipulados"},"content":{"rendered":"<p>El ex director de la Agencia Nacional de Discapacidad se present\u00f3 ante el juez Sebasti\u00e1n Casanello. Hizo un breve descargo oral en el que se defendi\u00f3 de la acusaci\u00f3n del fiscal Franco Picardi.<\/p>\n<p>Puertas adentro del Juzgado, Spagnuolo defendi\u00f3 su inocencia y neg\u00f3 haber recibido coimas. Su defensa dej\u00f3 trascender que <b>tiene pensado volver a presentarse una vez que lea la totalidad del expediente<\/b>, que estaba en secreto de sumario hasta la semana pasada.<\/p>\n<p>Sobre los <b>82.000 d\u00f3lares y 2.950 euros <\/b>que ten\u00eda en una sucursal del Banco BBVA, explic\u00f3 que la \u00faltima vez que entr\u00f3 a la caja de seguridad fue en abril de 2023, para desvincular el dinero de las presuntas coimas. Es un dato que la Justicia ya ten\u00eda, y que consta en el expediente.<\/p>\n<p>En cuanto a la modernizaci\u00f3n de su casa en <b>un lote de 860 m\u00b2 en el country Altos de Campo Grande<\/b>, Spagnuolo aleg\u00f3 que apenas construy\u00f3 una galer\u00eda. Los primeros datos que encontr\u00f3 el fiscal Picardi no se condicen con esa versi\u00f3n, ya que la obra habr\u00eda durado siete meses y las empresas que contrat\u00f3 ser\u00edan de primer nivel, para clientes con un exclusivo pasar econ\u00f3mico.<\/p>\n<p class=\"paragraph\" data-mrf-recirculation=\"Links inline\">Sin m\u00e1s, Diego Spagnuolo eligi\u00f3 guardar silencio. Su abogado, <b>Mauricio D\u2019Alessandro<\/b>, hab\u00eda anticipado que presentar\u00edan un escrito y una pericia preliminar que atacar\u00eda la veracidad de los audios que desataron el esc\u00e1ndalo.<b> Finalmente desistieron a \u00faltimo momento,<\/b> seg\u00fan indicaron fuentes judiciales a este medio.<\/p>\n<p class=\"paragraph\" data-mrf-recirculation=\"Links inline\">Aunque deber\u00e1 ratificarlo en sede judicial m\u00e1s adelante, D\u2019Alessandro adelant\u00f3 que<b> \u201cel informe pericial de los audios dice que est\u00e1n editados con inteligencia artificial\u201d.<\/b> Se trata de un estudio de parte que realiz\u00f3 la defensa con un perito de matr\u00edcula oficial.<\/p>\n<div class=\"headline-wrapper\">\n<h2 class=\"header headline-class-h2\"><span class=\"\">La acusaci\u00f3n contra Spagnuolo<\/span><\/h2>\n<\/div>\n<p class=\"paragraph\" data-mrf-recirculation=\"Links inline\">A diferencia del rol que el propio Spagnuolo describi\u00f3 en los audios que se le atribuyen, el fiscal Picardi ubic\u00f3 al exfuncionario en el centro del esquema de corrupci\u00f3n. Est\u00e1 imputado como <b>jefe u organizador de una asociaci\u00f3n il\u00edcita<\/b> junto a <b>Daniel Mar\u00eda Garbellini<\/b>, ex director de Acceso a los Servicios de Salud, y los supuestos operadores externos del organismo <b>Pablo Atchabahian <\/b>y <b>Miguel \u00c1ngel Calvete<\/b>.<\/p>\n<p class=\"paragraph\" data-mrf-recirculation=\"Links inline\">Las pruebas relevadas hasta el momento indican que habr\u00eda existido un manejo irregular del <b>sistema de compras de prestaciones de alto costo y baja incidencia<\/b> (PACBI), productos esenciales para personas con vulnerabilidad social y sin otra cobertura m\u00e9dica.<\/p>\n","protected":false},"excerpt":{"rendered":"<p>El ex director de la Agencia Nacional de Discapacidad se present\u00f3 ante el juez Sebasti\u00e1n Casanello. Hizo un breve descargo oral en el que se defendi\u00f3 de la acusaci\u00f3n del fiscal Franco Picardi. Puertas adentro del Juzgado, Spagnuolo defendi\u00f3 su inocencia y neg\u00f3 haber recibido coimas. Su defensa dej\u00f3 trascender que tiene pensado volver a [&hellip;]<\/p>\n","protected":false},"author":2,"featured_media":4843,"comment_status":"open","ping_status":"open","sticky":false,"template":"","format":"standard","meta":{"footnotes":""},"categories":[22,27],"tags":[],"class_list":{"0":"post-4842","1":"post","2":"type-post","3":"status-publish","4":"format-standard","5":"has-post-thumbnail","7":"category-nacionales","8":"category-policiales"},"aioseo_notices":[],"_links":{"self":[{"href":"https:\/\/elfaroonline.com.ar\/index.php\/wp-json\/wp\/v2\/posts\/4842","targetHints":{"allow":["GET"]}}],"collection":[{"href":"https:\/\/elfaroonline.com.ar\/index.php\/wp-json\/wp\/v2\/posts"}],"about":[{"href":"https:\/\/elfaroonline.com.ar\/index.php\/wp-json\/wp\/v2\/types\/post"}],"author":[{"embeddable":true,"href":"https:\/\/elfaroonline.com.ar\/index.php\/wp-json\/wp\/v2\/users\/2"}],"replies":[{"embeddable":true,"href":"https:\/\/elfaroonline.com.ar\/index.php\/wp-json\/wp\/v2\/comments?post=4842"}],"version-history":[{"count":1,"href":"https:\/\/elfaroonline.com.ar\/index.php\/wp-json\/wp\/v2\/posts\/4842\/revisions"}],"predecessor-version":[{"id":4844,"href":"https:\/\/elfaroonline.com.ar\/index.php\/wp-json\/wp\/v2\/posts\/4842\/revisions\/4844"}],"wp:featuredmedia":[{"embeddable":true,"href":"https:\/\/elfaroonline.com.ar\/index.php\/wp-json\/wp\/v2\/media\/4843"}],"wp:attachment":[{"href":"https:\/\/elfaroonline.com.ar\/index.php\/wp-json\/wp\/v2\/media?parent=4842"}],"wp:term":[{"taxonomy":"category","embeddable":true,"href":"https:\/\/elfaroonline.com.ar\/index.php\/wp-json\/wp\/v2\/categories?post=4842"},{"taxonomy":"post_tag","embeddable":true,"href":"https:\/\/elfaroonline.com.ar\/index.php\/wp-json\/wp\/v2\/tags?post=4842"}],"curies":[{"name":"wp","href":"https:\/\/api.w.org\/{rel}","templated":true}]}}