{"id":485,"date":"2024-05-06T17:27:38","date_gmt":"2024-05-06T20:27:38","guid":{"rendered":"https:\/\/elfaroonline.com.ar\/?p=485"},"modified":"2024-05-06T17:27:38","modified_gmt":"2024-05-06T20:27:38","slug":"la-provincia-analiza-construir-un-camino-que-una-la-hoyada-y-aguas-calientes","status":"publish","type":"post","link":"https:\/\/elfaroonline.com.ar\/index.php\/2024\/05\/06\/la-provincia-analiza-construir-un-camino-que-una-la-hoyada-y-aguas-calientes\/","title":{"rendered":"La Provincia analiza construir un camino que una La Hoyada y Aguas Calientes"},"content":{"rendered":"<p class=\"v1MsoNormal\"><i>Lo comunic\u00f3 el Gobernador durante una reuni\u00f3n con los caciques de La Angostura, Carachi Pampa y Aguas Calientes. <\/i><\/p>\n<p class=\"v1MsoNormal\">El gobernador Ra\u00fal Jalil recibi\u00f3 en Casa de Gobierno a representantes de diferentes comunidades originarias del Oeste provincial, para dialogar sobre diferentes intervenciones a ejecutar en la regi\u00f3n como as\u00ed tambi\u00e9n invitarlos a formar parte de la delegaci\u00f3n catamarque\u00f1a que, en los pr\u00f3ximos d\u00edas, visitar\u00e1 Italia.<\/p>\n<p class=\"v1MsoNormal\">En el di\u00e1logo, el Gobierno provincial se comprometi\u00f3 a estudiar la factibilidad de llevar adelante una serie de obras que son muy anheladas y que beneficiar\u00e1n en forma directa a dichas comunidades, entre las cuales sobresale el proyecto para la ejecuci\u00f3n del camino que unir\u00e1 las localidades de La Hoyada con Aguas Calientes.<\/p>\n<p class=\"v1MsoNormal\">En la oportunidad, tambi\u00e9n se hizo entrega de ropa de trabajo destinada a la gente de la comunidad de Carachi Pampa.<\/p>\n<p class=\"v1MsoNormal\">Por otro lado, el Gobernador dialog\u00f3 con el cacique de la jurisdicci\u00f3n de Las Angosturas, Bernardo Guti\u00e9rrez, quien formar\u00e1 parte de la delegaci\u00f3n catamarque\u00f1a (junto a otros representantes de las comunidades) que viajar\u00e1 a Italia. En la oportunidad, se prev\u00e9 una agenda que incluir\u00e1 una visita a la santa sede del Vaticano, como tambi\u00e9n a una destacada escuela de dise\u00f1o de tejedur\u00eda y una recorrida por la instalaciones de la firma textil Loro Piano, que es uno de los emprendimientos m\u00e1s importantes del mundo en materia de ropa y con la cual Catamarca ha firmado meses atr\u00e1s un convenio marco para mejorar y fortalecer el trabajo vinculado con las condiciones de comercializaci\u00f3n y sostenibilidad en relaci\u00f3n a la fibra de vicu\u00f1a.<\/p>\n<p class=\"v1MsoNormal\">Durante el encuentro estuvieron presentes el vicegobernador Rub\u00e9n Dusso; el ministro de Gobierno, Justicia y Derechos Humanos, Fernando \u00c1vila; el secretario del Interior y Pueblos Originarios, Marcelo Rivera; los caciques Bernardo Guti\u00e9rrez (La Angostura), Rub\u00e9n Honorato Casimiro (Aguas Calientes) e Isidro Gervan (Cacique Carachi).<\/p>\n","protected":false},"excerpt":{"rendered":"<p>Lo comunic\u00f3 el Gobernador durante una reuni\u00f3n con los caciques de La Angostura, Carachi Pampa y Aguas Calientes. El gobernador Ra\u00fal Jalil recibi\u00f3 en Casa de Gobierno a representantes de diferentes comunidades originarias del Oeste provincial, para dialogar sobre diferentes intervenciones a ejecutar en la regi\u00f3n como as\u00ed tambi\u00e9n invitarlos a formar parte de la [&hellip;]<\/p>\n","protected":false},"author":2,"featured_media":486,"comment_status":"open","ping_status":"open","sticky":false,"template":"","format":"standard","meta":{"footnotes":""},"categories":[21],"tags":[],"class_list":{"0":"post-485","1":"post","2":"type-post","3":"status-publish","4":"format-standard","5":"has-post-thumbnail","7":"category-politica"},"aioseo_notices":[],"_links":{"self":[{"href":"https:\/\/elfaroonline.com.ar\/index.php\/wp-json\/wp\/v2\/posts\/485","targetHints":{"allow":["GET"]}}],"collection":[{"href":"https:\/\/elfaroonline.com.ar\/index.php\/wp-json\/wp\/v2\/posts"}],"about":[{"href":"https:\/\/elfaroonline.com.ar\/index.php\/wp-json\/wp\/v2\/types\/post"}],"author":[{"embeddable":true,"href":"https:\/\/elfaroonline.com.ar\/index.php\/wp-json\/wp\/v2\/users\/2"}],"replies":[{"embeddable":true,"href":"https:\/\/elfaroonline.com.ar\/index.php\/wp-json\/wp\/v2\/comments?post=485"}],"version-history":[{"count":1,"href":"https:\/\/elfaroonline.com.ar\/index.php\/wp-json\/wp\/v2\/posts\/485\/revisions"}],"predecessor-version":[{"id":487,"href":"https:\/\/elfaroonline.com.ar\/index.php\/wp-json\/wp\/v2\/posts\/485\/revisions\/487"}],"wp:featuredmedia":[{"embeddable":true,"href":"https:\/\/elfaroonline.com.ar\/index.php\/wp-json\/wp\/v2\/media\/486"}],"wp:attachment":[{"href":"https:\/\/elfaroonline.com.ar\/index.php\/wp-json\/wp\/v2\/media?parent=485"}],"wp:term":[{"taxonomy":"category","embeddable":true,"href":"https:\/\/elfaroonline.com.ar\/index.php\/wp-json\/wp\/v2\/categories?post=485"},{"taxonomy":"post_tag","embeddable":true,"href":"https:\/\/elfaroonline.com.ar\/index.php\/wp-json\/wp\/v2\/tags?post=485"}],"curies":[{"name":"wp","href":"https:\/\/api.w.org\/{rel}","templated":true}]}}