{"id":501,"date":"2024-05-07T20:27:14","date_gmt":"2024-05-07T23:27:14","guid":{"rendered":"https:\/\/elfaroonline.com.ar\/?p=501"},"modified":"2024-05-07T20:27:14","modified_gmt":"2024-05-07T23:27:14","slug":"la-camara-minera-de-catamarca-celebro-el-dia-nacional-de-la-industria-minera","status":"publish","type":"post","link":"https:\/\/elfaroonline.com.ar\/index.php\/2024\/05\/07\/la-camara-minera-de-catamarca-celebro-el-dia-nacional-de-la-industria-minera\/","title":{"rendered":"La C\u00e1mara Minera de Catamarca celebr\u00f3 el D\u00eda Nacional de la Industria Minera"},"content":{"rendered":"<p class=\"v1MsoNormal\">La C\u00e1mara Minera y de la Industria Minera de Catamarca organiz\u00f3 un encuentro junto a referentes del sector y del Gobierno provincial para celebrar el D\u00eda Nacional de la Industria Minera, en conmemoraci\u00f3n de la sanci\u00f3n de la primera Ley de Fomento Minero por la Asamblea General Constituyente de 1813, impulso legislativo inicial para la actividad en nuestro pa\u00eds.<\/p>\n<p class=\"v1MsoNormal\">Del encuentro participaron el gobernador Ra\u00fal Jalil, el vicegobernador Rub\u00e9n Dusso, y los ministros de Miner\u00eda, Marcelo Mur\u00faa; y Trabajo, Planificaci\u00f3n y Recursos Humanos, Ver\u00f3nica Soria.<\/p>\n<p class=\"v1MsoNormal\">La actividad represent\u00f3 una ocasi\u00f3n \u00fanica de integraci\u00f3n de toda la comunidad minera catamarque\u00f1a, la cual estuvo encabezada por el presidente de la C\u00e1mara Jos\u00e9 Ignacio Costa (Arcadium Lithium), quien destac\u00f3: &#8220;Aprovechamos este d\u00eda para reforzar nuestro compromiso de trabajar de manera responsable y sostenible en el fortalecimiento del v\u00ednculo entre el sector privado y las autoridades gubernamentales&#8221;.<\/p>\n<p class=\"v1MsoNormal\">En ese sentido, Costa se\u00f1al\u00f3 que la jornada fue &#8220;una nueva oportunidad para buscar un equilibrio entre el desarrollo econ\u00f3mico, el cuidado del ambiente y el consenso entre los actores del ecosistema minero&#8221;, un objetivo que plante\u00f3 desde el comienzo de su gesti\u00f3n en la C\u00e1mara.<\/p>\n<p class=\"v1MsoNormal\">Adem\u00e1s, estuvieron presentes representantes de todos los socios de la C\u00e1mara: Albemarle, AMSA Minerals, AREX Mining, Elevado Gold, Galan, Glencore, Lake Resources, Lithium Energi Argentina, Lithos, Minera Santa Rita, Pampa Exploraci\u00f3n, Posco Ultra Lithium, Triangle Lithium y la C\u00e1mara Provincial de Proveedores Mineros.<\/p>\n","protected":false},"excerpt":{"rendered":"<p>La C\u00e1mara Minera y de la Industria Minera de Catamarca organiz\u00f3 un encuentro junto a referentes del sector y del Gobierno provincial para celebrar el D\u00eda Nacional de la Industria Minera, en conmemoraci\u00f3n de la sanci\u00f3n de la primera Ley de Fomento Minero por la Asamblea General Constituyente de 1813, impulso legislativo inicial para la [&hellip;]<\/p>\n","protected":false},"author":2,"featured_media":502,"comment_status":"open","ping_status":"open","sticky":false,"template":"","format":"standard","meta":{"footnotes":""},"categories":[23,21],"tags":[],"class_list":{"0":"post-501","1":"post","2":"type-post","3":"status-publish","4":"format-standard","5":"has-post-thumbnail","7":"category-destacados","8":"category-politica"},"aioseo_notices":[],"_links":{"self":[{"href":"https:\/\/elfaroonline.com.ar\/index.php\/wp-json\/wp\/v2\/posts\/501","targetHints":{"allow":["GET"]}}],"collection":[{"href":"https:\/\/elfaroonline.com.ar\/index.php\/wp-json\/wp\/v2\/posts"}],"about":[{"href":"https:\/\/elfaroonline.com.ar\/index.php\/wp-json\/wp\/v2\/types\/post"}],"author":[{"embeddable":true,"href":"https:\/\/elfaroonline.com.ar\/index.php\/wp-json\/wp\/v2\/users\/2"}],"replies":[{"embeddable":true,"href":"https:\/\/elfaroonline.com.ar\/index.php\/wp-json\/wp\/v2\/comments?post=501"}],"version-history":[{"count":1,"href":"https:\/\/elfaroonline.com.ar\/index.php\/wp-json\/wp\/v2\/posts\/501\/revisions"}],"predecessor-version":[{"id":503,"href":"https:\/\/elfaroonline.com.ar\/index.php\/wp-json\/wp\/v2\/posts\/501\/revisions\/503"}],"wp:featuredmedia":[{"embeddable":true,"href":"https:\/\/elfaroonline.com.ar\/index.php\/wp-json\/wp\/v2\/media\/502"}],"wp:attachment":[{"href":"https:\/\/elfaroonline.com.ar\/index.php\/wp-json\/wp\/v2\/media?parent=501"}],"wp:term":[{"taxonomy":"category","embeddable":true,"href":"https:\/\/elfaroonline.com.ar\/index.php\/wp-json\/wp\/v2\/categories?post=501"},{"taxonomy":"post_tag","embeddable":true,"href":"https:\/\/elfaroonline.com.ar\/index.php\/wp-json\/wp\/v2\/tags?post=501"}],"curies":[{"name":"wp","href":"https:\/\/api.w.org\/{rel}","templated":true}]}}