{"id":5017,"date":"2026-03-09T09:56:41","date_gmt":"2026-03-09T12:56:41","guid":{"rendered":"https:\/\/elfaroonline.com.ar\/?p=5017"},"modified":"2026-03-11T09:00:05","modified_gmt":"2026-03-11T12:00:05","slug":"el-ciclo-mujeres-en-foco-regresa-con-cine-argentino-dirigido-por-mujeres","status":"publish","type":"post","link":"https:\/\/elfaroonline.com.ar\/index.php\/2026\/03\/09\/el-ciclo-mujeres-en-foco-regresa-con-cine-argentino-dirigido-por-mujeres\/","title":{"rendered":"El ciclo Mujeres en Foco regresa con cine argentino dirigido por mujeres"},"content":{"rendered":"<p style=\"font-weight: 400; text-align: justify;\">En el marco de las actividades programadas por el Mes de la Mujer, la Secretar\u00eda de Gesti\u00f3n Cultural, a trav\u00e9s de la Direcci\u00f3n de Desarrollo Social, llevar\u00e1 adelante la tercera edici\u00f3n del ciclo \u201cMujeres en Foco\u201d, una propuesta cinematogr\u00e1fica que busca visibilizar miradas, historias y problem\u00e1ticas desde el trabajo de directoras argentinas.<\/p>\n<p style=\"font-weight: 400; text-align: justify;\">El ciclo es una propuesta cultural libre y gratuita que promueve la difusi\u00f3n del cine argentino realizado por mujeres directoras, generando un espacio de encuentro, reflexi\u00f3n y di\u00e1logo a partir de historias que abordan distintas experiencias y realidades de las mujeres.<\/p>\n<p style=\"font-weight: 400; text-align: justify;\">Esta iniciativa busca visibilizar nuevas miradas dentro del cine nacional y acercar al p\u00fablico producciones contempor\u00e1neas que invitan a pensar temas sociales, culturales y de g\u00e9nero.<\/p>\n<p style=\"font-weight: 400; text-align: justify;\">Las proyecciones se desarrollar\u00e1n en el Centro de Arte y Tecnolog\u00eda Aplicada (CATA, Sarmiento 613), donde se presentar\u00e1n tres producciones nacionales recientes que abordan distintas experiencias vinculadas a las mujeres, sus deseos, luchas y realidades.<\/p>\n<p style=\"font-weight: 400; text-align: justify;\">La primera funci\u00f3n ser\u00e1 \u201cEntre Reinas\u201d (Argentina, 2024), dirigida por Malena Fainsod y co-dirigida por Tom\u00e1s Morelli, el viernes 20 de marzo a las 20 horas.<\/p>\n<p style=\"font-weight: 400; text-align: justify;\">A trav\u00e9s de un recorrido autobiogr\u00e1fico por los concursos de belleza que marcaron la vida de la directora y su familia, el film propone reflexionar sobre las exigencias sociales que a\u00fan pesan sobre los cuerpos de las mujeres. La pel\u00edcula tiene una duraci\u00f3n de 61 minutos.<\/p>\n<p style=\"font-weight: 400; text-align: justify;\">El ciclo continuar\u00e1 el viernes 27 de marzo a las 20 horas con \u201cMu\u00f1a Mu\u00f1a\u201d (Argentina, 2025), dirigida por Paula Morel Kristof. La funci\u00f3n ser\u00e1 adem\u00e1s el estreno provincial de la pel\u00edcula y contar\u00e1 con la presencia de sus realizadoras y protagonista.<\/p>\n<p style=\"font-weight: 400; text-align: justify;\">La historia sigue a Olga, una enfermera de 60 a\u00f1os que vive en El Mollar, Tucum\u00e1n, quien atraviesa un momento de cambios en su vida entre la inminente partida de su hijo y el despertar de un nuevo v\u00ednculo afectivo que la lleva a replantearse su propio deseo. La pel\u00edcula tiene una duraci\u00f3n de 71 minutos.<\/p>\n<p style=\"font-weight: 400; text-align: justify;\">El ciclo cerrar\u00e1 el mi\u00e9rcoles 1 de abril a las 20 horas con \u201cBel\u00e9n\u201d (Argentina, 2025), dirigida por Dolores Fonzi. La pel\u00edcula se sit\u00faa en Tucum\u00e1n en 2014 y reconstruye el caso de una joven acusada de haberse provocado un aborto, un hecho que gener\u00f3 una gran movilizaci\u00f3n social y el acompa\u00f1amiento de organizaciones y colectivos de mujeres que lucharon por su libertad. La duraci\u00f3n del film es de 105 minutos.<\/p>\n","protected":false},"excerpt":{"rendered":"<p>En el marco de las actividades programadas por el Mes de la Mujer, la Secretar\u00eda de Gesti\u00f3n Cultural, a trav\u00e9s de la Direcci\u00f3n de Desarrollo Social, llevar\u00e1 adelante la tercera edici\u00f3n del ciclo \u201cMujeres en Foco\u201d, una propuesta cinematogr\u00e1fica que busca visibilizar miradas, historias y problem\u00e1ticas desde el trabajo de directoras argentinas. El ciclo es [&hellip;]<\/p>\n","protected":false},"author":2,"featured_media":5018,"comment_status":"open","ping_status":"open","sticky":false,"template":"","format":"standard","meta":{"footnotes":""},"categories":[20],"tags":[],"class_list":{"0":"post-5017","1":"post","2":"type-post","3":"status-publish","4":"format-standard","5":"has-post-thumbnail","7":"category-sociedad"},"aioseo_notices":[],"_links":{"self":[{"href":"https:\/\/elfaroonline.com.ar\/index.php\/wp-json\/wp\/v2\/posts\/5017","targetHints":{"allow":["GET"]}}],"collection":[{"href":"https:\/\/elfaroonline.com.ar\/index.php\/wp-json\/wp\/v2\/posts"}],"about":[{"href":"https:\/\/elfaroonline.com.ar\/index.php\/wp-json\/wp\/v2\/types\/post"}],"author":[{"embeddable":true,"href":"https:\/\/elfaroonline.com.ar\/index.php\/wp-json\/wp\/v2\/users\/2"}],"replies":[{"embeddable":true,"href":"https:\/\/elfaroonline.com.ar\/index.php\/wp-json\/wp\/v2\/comments?post=5017"}],"version-history":[{"count":3,"href":"https:\/\/elfaroonline.com.ar\/index.php\/wp-json\/wp\/v2\/posts\/5017\/revisions"}],"predecessor-version":[{"id":5021,"href":"https:\/\/elfaroonline.com.ar\/index.php\/wp-json\/wp\/v2\/posts\/5017\/revisions\/5021"}],"wp:featuredmedia":[{"embeddable":true,"href":"https:\/\/elfaroonline.com.ar\/index.php\/wp-json\/wp\/v2\/media\/5018"}],"wp:attachment":[{"href":"https:\/\/elfaroonline.com.ar\/index.php\/wp-json\/wp\/v2\/media?parent=5017"}],"wp:term":[{"taxonomy":"category","embeddable":true,"href":"https:\/\/elfaroonline.com.ar\/index.php\/wp-json\/wp\/v2\/categories?post=5017"},{"taxonomy":"post_tag","embeddable":true,"href":"https:\/\/elfaroonline.com.ar\/index.php\/wp-json\/wp\/v2\/tags?post=5017"}],"curies":[{"name":"wp","href":"https:\/\/api.w.org\/{rel}","templated":true}]}}